{"id":1104,"date":"2021-09-24T18:06:32","date_gmt":"2021-09-24T16:06:32","guid":{"rendered":"https:\/\/www.iepp.es\/it\/?p=1104"},"modified":"2021-09-24T18:06:33","modified_gmt":"2021-09-24T16:06:33","slug":"disciplina-positiva-non-urlare-contro-di-me-non-ti-sento","status":"publish","type":"post","link":"https:\/\/www.iepp.es\/it\/disciplina-positiva-non-urlare-contro-di-me-non-ti-sento\/","title":{"rendered":"Disciplina Positiva: Non urlare contro di me, non ti sento"},"content":{"rendered":"\n<blockquote class=\"wp-block-quote is-layout-flow wp-block-quote-is-layout-flow\"><p><em>\u201cLa <strong>Disciplina Positiva<\/strong><\/em> \u00e8 buon senso e coerenza nella vita, nell'educazione e nei rapporti umani\"<br>Marisa Moya<\/p><\/blockquote>\n\n\n\n<h2 class=\"wp-block-heading\"><strong>Cos' \u00e8<\/strong><\/h2>\n\n\n\n<p>La\u00a0<strong>disciplina positiva\u00a0<\/strong>\u00e8 educare attraverso strategie di interazione positive e puntando sull'educatore, cio\u00e8 non si intende che il bambino cambi attraverso punizioni, urla, rabbia, ma grazie a strumenti come la conoscenza di s\u00e9, l'autodisciplina, la responsabilit\u00e0 e un atteggiamento cooperativo .<\/p>\n\n\n\n<p><strong>Fa appello ai genitori e agli educatori,<\/strong>\u00a0Sono gli adulti i responsabili e quindi devono prendere coscienza della ragione dei comportamenti, dei sentimenti, delle emozioni e degli atteggiamenti dei minori e mai viceversa.<\/p>\n\n\n\n<h2 class=\"wp-block-heading\"><strong>Pricipi basici<\/strong><\/h2>\n\n\n\n<h3 class=\"wp-block-heading\">Amore incondizionato<\/h3>\n\n\n\n<p>Ti amo incondizionatamente, ti amo per ci\u00f2 che sei e come sei, indipendentemente da quello che fai e da come lo fai. Sei importante e un pezzo fondamentale della famiglia.<\/p>\n\n\n\n<h3 class=\"wp-block-heading\">Gentilezza e fermezza possono coesistere allo stesso tempo<\/h3>\n\n\n\n<p>Essere dolci e gentili e nello stesso tempo avere la capacit\u00e0 di segnare e stabilire dei limiti in modo fermo e assertivo \u00e8 possibile e quando ci\u00f2 si realizza non \u00e8 necessario ricorrere all'autoritarismo, n\u00e9 a punizioni.<\/p>\n\n\n\n<h3 class=\"wp-block-heading\">Dignit\u00e0 e rispetto<\/h3>\n\n\n\n<p>Non giudicare, mettersi al loro posto, accettare le loro paure, i loro dubbi, le loro insicurezze ed empatizzare dalla dignit\u00e0 e dal rispetto \u00e8 ci\u00f2 di cui il piccolo ha bisogno quando non sa, non vuole, si blocca, si arrabbia o non pu\u00f2 fare qualcosa.<\/p>\n\n\n\n<p>Non dimentichiamo che l'adulto \u00e8 il loro modello e la nostra reazione sar\u00e0 la loro calma.<\/p>\n\n\n\n<h3 class=\"wp-block-heading\">Conoscere davvero i propri figli<\/h3>\n\n\n\n<p>Ogni bambino \u00e8 un mondo diverso, non ce ne sono due uguali, mai!! Ognuno di loro \u00e8 unico e meraviglioso. Quindi conoscere il piccolo in modo profondo, onesto e sincero \u00e8 essenziale. Connettiti con lui\/lei. Fai le tue ricerche, trascorri del tempo insieme, gioca\u2026 cosa ti piace? C'\u00e8 qualcosa che ti annoia? Di cosa sei appassionato? C'\u00e8 qualcosa che ti preoccupa? \u2026 La fiducia si guadagna.<\/p>\n\n\n\n<h3 class=\"wp-block-heading\">Bisogno di routine e ordine<\/h3>\n\n\n\n<p>Contrassegnare le routine, avere determinati schemi e ordine \u00e8 importante per loro poich\u00e9 d\u00e0 loro sicurezza, calma, fiducia e d\u00e0 loro un significato. Le routine incoraggiano anche l'accordo e non limitano la spontaneit\u00e0.<\/p>\n\n\n\n<p>L'anarchia totale e il libero arbitrio possono portare all'insicurezza e alla confusione.<\/p>\n\n\n\n<h3 class=\"wp-block-heading\">Libert\u00e0<\/h3>\n\n\n\n<p>Il fatto che le routine siano prescritte non implica che il minore non sia libero di metterle in pratica. Sentirsi liberi, infatti, \u00e8 un'altra delle caratteristiche necessarie per crescere e per un corretto sviluppo del bambino come essere umano e come parte della comunit\u00e0.<\/p>\n\n\n\n<h3 class=\"wp-block-heading\">Imparare dagli errori<\/h3>\n\n\n\n<p>Sbagliare \u00e8 il mezzo attraverso il quale viene l'apprendimento. Sbagliare, confondersi, fallire non \u00e8 male, anzi \u00e8 il mezzo e l'opportunit\u00e0 attraverso cui si avanza, si cresce e si impara.<\/p>\n\n\n\n<h3 class=\"wp-block-heading\">Rafforzare ed enfatizzare il buono<\/h3>\n\n\n\n<p>Mettere a fuoco e focalizzare su ci\u00f2 che il bambino fa bene e su quelle cose in cui eccelle \u00e8 essenziale. Evita di enfatizzare e sottolineare continuamente i difetti.<\/p>\n\n\n\n<h3 class=\"wp-block-heading\">Prendersi cura della loro autostima<\/h3>\n\n\n\n<p>L'opinione che hanno di se stessi, che si amano, che si piacciono, che sanno quanto sono bravi, che hanno fiducia nelle proprie qualit\u00e0 \u00e8 fondamentale in tenera et\u00e0 e una delle responsabilit\u00e0 degli adulti che accompagnano loro.<\/p>\n\n\n\n<h3 class=\"wp-block-heading\">Concentrarsi sulla soluzione<\/h3>\n\n\n\n<p>Quando qualcosa non \u00e8 andato bene, concentrati sulle possibili soluzioni, invece che sulle punizioni. <br>E se vogliamo che la prossima volta, in una situazione simile, il bambino non sbagli, sapremo che avr\u00e0 appreso la risoluzione al problema.<\/p>\n\n\n\n<p>Quando viene applicata una punizione e il bambino si sente ferito o umiliato, la sua attenzione si concentrer\u00e0 sulla difesa invece di pensare a come superare con successo il problema la prossima volta.<\/p>\n\n\n\n<h3 class=\"wp-block-heading\">Giocare<\/h3>\n\n\n\n<p>\u00c8 importante per la connessione, per il legame, per la fiducia che i bambini trascorrano del tempo con i genitori e giochino insieme. E attenzione! pi\u00f9 il bambino \u00e8 piccolo, pi\u00f9 tempo ci vorr\u00e0.<\/p>\n\n\n\n<p>Giocare, divertirsi, condividere quei momenti spontanei riempir\u00e0 il piccolo di emozioni positive.<\/p>\n\n\n\n<h3 class=\"wp-block-heading\">Incentivare la partecipazione<\/h3>\n\n\n\n<p>Quando il piccolo \u00e8 coinvolto, collabora, si fa coinvolgere e partecipa attivamente a un compito, \u00e8 pi\u00f9 facile per lui goderselo e impararlo senza quasi accorgersene.<\/p>\n\n\n\n<h3 class=\"wp-block-heading\">Non essere iper-protettivi<\/h3>\n\n\n\n<p>Le risorse dei bambini ci sono, hanno solo bisogno delle opportunit\u00e0 per metterle in pratica e poterlo dimostrare.<\/p>\n\n\n\n<h2 class=\"wp-block-heading\"><strong>Esempi<\/strong><\/h2>\n\n\n\n<p>Una volta vista la teoria, ora passiamo alla pratica, che \u00e8 la cosa pi\u00f9 complicata quando abbiamo dei bambini in casa.<\/p>\n\n\n\n<p>Guarda questi tre <strong>esempi<\/strong> in cui impieghiamo la <strong>disciplina positiva<\/strong> per vedere le differenze:<\/p>\n\n\n\n<h3 class=\"wp-block-heading\">Il momento del bagno<\/h3>\n\n\n\n<ul class=\"wp-block-list\"><li><em>Claudia, fatti un bagno, andiamo, \u00e8 tardi.<\/em><\/li><li><em>Adesso? Oggi non ne ho voglia, sto giocando e non ho voglia di fare il bagno.<\/em><\/li><li><em>Forza Claudia, non voglio arrabbiarmi, tu devi fare un bagno, tutto qui. E se non ti fai il bagno, non ci sar\u00e0 la cena dopo.<\/em><\/li><li><em>Claudia \u00e8 d'accordo. Faccia increspata e sulla strada per il bagno.<\/em><\/li><\/ul>\n\n\n\n<p>Alternativa con <strong>disciplina positiva<\/strong><\/p>\n\n\n\n<ul class=\"wp-block-list\"><li><em>Claudia, oggi come ogni pomeriggio prepariamo il bagnetto.<\/em><\/li><li><em>Adesso? Oggi non ne ho voglia, sto giocando e non ho voglia di fare il bagno.<\/em><\/li><li><em>sono un po' stanca anch'io, stamattina \u00e8 successa la stessa cosa a me sotto la doccia, cosa ne pensi se mi aiuti a preparare le cose e a scegliere i calzini e le mutandine che ti piacciono di pi\u00f9? Inoltre, lo facciamo insieme e sar\u00e0 molto veloce, quindi quando avremo finito potrai continuare a giocare.<\/em><\/li><li><em>Ok <\/em>.<\/li><li><em>Claudia si arrende contenta , non vedendo l'ora di far parte del bagno, scegliendo i suoi vestiti e sapendo che il gioco continuer\u00e0 pi\u00f9 tardi <\/em>.<\/li><\/ul>\n\n\n\n<h3 class=\"wp-block-heading\">Mangiare pi\u00f9 frutta<\/h3>\n\n\n\n<ul class=\"wp-block-list\"><li><em>Non voglio un mandarino.<\/em><\/li><li><em>Claudia, finch\u00e9 non mangi il mandarino non ti alzi dalla sedia e sappi che se non lo mangi oggi, domani ci sar\u00e0 di nuovo il mandarino a colazione.<\/em><\/li><li><em>non mi interessa! Non lo manger\u00f2.<\/em><\/li><li><em>Bene, non alzarti dalla sedia, hai sentito bene.<\/em><\/li><li><em>Claudia piange e non mangia il mandarino.<\/em><\/li><\/ul>\n\n\n\n<p>Alternativa <strong>disciplina positiva<\/strong><\/p>\n\n\n\n<ul class=\"wp-block-list\"><li><em>Perch\u00e9 non vuoi mangiare il mandarino? (Prima ti preoccupi delle sue emozioni).<\/em><\/li><li><em>Semplicemente non mi piace...<\/em><\/li><li><em>che ne pensi se mescoliamo qualche spicchio di mandarino con il tuo frutto preferito, cos\u00ec che abbia un sapore pi\u00f9 ricco? Con la mela o con la pera?<\/em><\/li><li><em>Ok, con la mela!<\/em><\/li><li><em>Ottimo, sono molto orgoglioso dello sforzo che fai fatto provandolo.<\/em><\/li><\/ul>\n\n\n\n<h3 class=\"wp-block-heading\">Spingere un altro bambino<\/h3>\n\n\n\n<ul class=\"wp-block-list\"><li><em>Claudia! Lo sai che non si attacca n\u00e9 spinge, vero?! ora chiedi scusa e andiamo a casa!<\/em><\/li><li><em>Non voglio! \u00c8 che non mi ha permesso giocare con la sua bambola<\/em><\/li><li><em>Quindi non hai intenzione di scusarti? bene. sarai punita e ora andiamo a casa.<\/em><\/li><\/ul>\n\n\n\n<p>Alternativa con <strong>disciplina positiva<\/strong><\/p>\n\n\n\n<ul class=\"wp-block-list\"><li><em>Claudia, puoi spiegarmi cosa \u00e8 successo e perch\u00e9 hai spinto la bambina?<\/em><\/li><li><em>Perch\u00e9 volevo giocare con la sua bambola, ma lei non voleva...<\/em><\/li><li><em>Ok, era perch\u00e9 volevi giocare un po' con quella bambola, ti piace?<\/em><\/li><li><em>S\u00ec, stavo per restituirgliela...<\/em><\/li><li><em>Ti capisco, ma spingendola le hai fatto male. Ti ricordi quando ti hanno spinto, quanto \u00e8 stato brutto?<\/em><\/li><li><em>S\u00ec, \u00e8 stato brutto, non mi piace essere picchiata...<\/em> <\/li><li><em>Certo tesoro, non piace a te, non piace a nessuno, neanche a me . A nessuno piace essere colpito o spinto. Quindi cosa avresti potuto fare invece di spingerla?<\/em><\/li><li><em>Beh, non lo so... lasciarle un mio giocattolo? Aspettarla?...<\/em><\/li><li><em>Questo \u00e8 tutto, fantastico. Oppure chiederle per favore.<\/em><\/li><li><em>L'importante \u00e8 che tu capisca che ci saranno momenti in cui non te lo permetteranno, cos\u00ec come ci sono momenti in cui non vorrai dare le tue bambole agli altri bambini<\/em><\/li><li>Ok ...<\/li><\/ul>\n\n\n\n<p>Se sei interessato a questo argomento e vuoi approfondire e approfondire la disciplina positiva, non smettere di richiedere informazioni alla nostra formazione online sull'educazione al positivo. \u00c8 un programma super completo e pratico che non ti deluder\u00e0.<\/p>\n","protected":false},"excerpt":{"rendered":"<p>\u201cLa Disciplina Positiva \u00e8 buon senso e coerenza nella vita, nell'educazione e nei rapporti umani\"Marisa Moya Cos' \u00e8 La\u00a0disciplina positiva\u00a0\u00e8 educare attraverso strategie di interazione positive e puntando sull'educatore, cio\u00e8 non si intende che il bambino cambi attraverso punizioni, urla, rabbia, ma grazie a strumenti come la conoscenza di s\u00e9, l'autodisciplina, la responsabilit\u00e0 e un <a class=\"read-more\" href=\"https:\/\/www.iepp.es\/it\/disciplina-positiva-non-urlare-contro-di-me-non-ti-sento\/\">Read More &raquo;<\/a><\/p>\n","protected":false},"author":1,"featured_media":1107,"comment_status":"closed","ping_status":"closed","sticky":false,"template":"","format":"standard","meta":{"footnotes":""},"categories":[1],"tags":[],"class_list":["post-1104","post","type-post","status-publish","format-standard","has-post-thumbnail","hentry","category-blog-psicologia-positiva"],"yoast_head":"<!-- This site is optimized with the Yoast SEO plugin v27.5 - https:\/\/yoast.com\/product\/yoast-seo-wordpress\/ -->\n<title>Disciplina Positiva: Non urlare contro di me, non ti sento - IEPP<\/title>\n<meta name=\"robots\" content=\"index, follow, max-snippet:-1, max-image-preview:large, max-video-preview:-1\" \/>\n<link rel=\"canonical\" href=\"https:\/\/www.iepp.es\/it\/disciplina-positiva-non-urlare-contro-di-me-non-ti-sento\/\" \/>\n<meta property=\"og:locale\" content=\"es_ES\" \/>\n<meta property=\"og:type\" content=\"article\" \/>\n<meta property=\"og:title\" content=\"Disciplina Positiva: Non urlare contro di me, non ti sento - IEPP\" \/>\n<meta property=\"og:description\" content=\"\u201cLa Disciplina Positiva \u00e8 buon senso e coerenza nella vita, nell&#039;educazione e nei rapporti umani&quot;Marisa Moya Cos&#039; \u00e8 La\u00a0disciplina positiva\u00a0\u00e8 educare attraverso strategie di interazione positive e puntando sull&#039;educatore, cio\u00e8 non si intende che il bambino cambi attraverso punizioni, urla, rabbia, ma grazie a strumenti come la conoscenza di s\u00e9, l&#039;autodisciplina, la responsabilit\u00e0 e un Read More &raquo;\" \/>\n<meta property=\"og:url\" content=\"https:\/\/www.iepp.es\/it\/disciplina-positiva-non-urlare-contro-di-me-non-ti-sento\/\" \/>\n<meta property=\"og:site_name\" content=\"Instituto Europeo de Psicolog\u00eda Positiva\" \/>\n<meta property=\"article:published_time\" content=\"2021-09-24T16:06:32+00:00\" \/>\n<meta property=\"article:modified_time\" content=\"2021-09-24T16:06:33+00:00\" \/>\n<meta property=\"og:image\" content=\"https:\/\/www.iepp.es\/it\/wp-content\/uploads\/ninas-jugando-disciplina-positiva.jpeg\" \/>\n\t<meta property=\"og:image:width\" content=\"763\" \/>\n\t<meta property=\"og:image:height\" content=\"450\" \/>\n\t<meta property=\"og:image:type\" content=\"image\/jpeg\" \/>\n<meta name=\"author\" content=\"ieppnew2\" \/>\n<meta name=\"twitter:card\" content=\"summary_large_image\" \/>\n<meta name=\"twitter:label1\" content=\"Escrito por\" \/>\n\t<meta name=\"twitter:data1\" content=\"ieppnew2\" \/>\n\t<meta name=\"twitter:label2\" content=\"Tiempo de lectura\" \/>\n\t<meta name=\"twitter:data2\" content=\"6 minutos\" \/>\n<script type=\"application\/ld+json\" class=\"yoast-schema-graph\">{\"@context\":\"https:\\\/\\\/schema.org\",\"@graph\":[{\"@type\":\"Article\",\"@id\":\"https:\\\/\\\/www.iepp.es\\\/it\\\/disciplina-positiva-non-urlare-contro-di-me-non-ti-sento\\\/#article\",\"isPartOf\":{\"@id\":\"https:\\\/\\\/www.iepp.es\\\/it\\\/disciplina-positiva-non-urlare-contro-di-me-non-ti-sento\\\/\"},\"author\":{\"name\":\"ieppnew2\",\"@id\":\"https:\\\/\\\/www.iepp.es\\\/it\\\/#\\\/schema\\\/person\\\/bf2ea672c48f0300a074ca007fcd1375\"},\"headline\":\"Disciplina Positiva: Non urlare contro di me, non ti sento\",\"datePublished\":\"2021-09-24T16:06:32+00:00\",\"dateModified\":\"2021-09-24T16:06:33+00:00\",\"mainEntityOfPage\":{\"@id\":\"https:\\\/\\\/www.iepp.es\\\/it\\\/disciplina-positiva-non-urlare-contro-di-me-non-ti-sento\\\/\"},\"wordCount\":1231,\"image\":{\"@id\":\"https:\\\/\\\/www.iepp.es\\\/it\\\/disciplina-positiva-non-urlare-contro-di-me-non-ti-sento\\\/#primaryimage\"},\"thumbnailUrl\":\"https:\\\/\\\/www.iepp.es\\\/it\\\/wp-content\\\/uploads\\\/ninas-jugando-disciplina-positiva.jpeg\",\"articleSection\":[\"Psicologia Positiva\"],\"inLanguage\":\"es\"},{\"@type\":\"WebPage\",\"@id\":\"https:\\\/\\\/www.iepp.es\\\/it\\\/disciplina-positiva-non-urlare-contro-di-me-non-ti-sento\\\/\",\"url\":\"https:\\\/\\\/www.iepp.es\\\/it\\\/disciplina-positiva-non-urlare-contro-di-me-non-ti-sento\\\/\",\"name\":\"Disciplina Positiva: Non urlare contro di me, non ti sento - IEPP\",\"isPartOf\":{\"@id\":\"https:\\\/\\\/www.iepp.es\\\/it\\\/#website\"},\"primaryImageOfPage\":{\"@id\":\"https:\\\/\\\/www.iepp.es\\\/it\\\/disciplina-positiva-non-urlare-contro-di-me-non-ti-sento\\\/#primaryimage\"},\"image\":{\"@id\":\"https:\\\/\\\/www.iepp.es\\\/it\\\/disciplina-positiva-non-urlare-contro-di-me-non-ti-sento\\\/#primaryimage\"},\"thumbnailUrl\":\"https:\\\/\\\/www.iepp.es\\\/it\\\/wp-content\\\/uploads\\\/ninas-jugando-disciplina-positiva.jpeg\",\"datePublished\":\"2021-09-24T16:06:32+00:00\",\"dateModified\":\"2021-09-24T16:06:33+00:00\",\"author\":{\"@id\":\"https:\\\/\\\/www.iepp.es\\\/it\\\/#\\\/schema\\\/person\\\/bf2ea672c48f0300a074ca007fcd1375\"},\"breadcrumb\":{\"@id\":\"https:\\\/\\\/www.iepp.es\\\/it\\\/disciplina-positiva-non-urlare-contro-di-me-non-ti-sento\\\/#breadcrumb\"},\"inLanguage\":\"es\",\"potentialAction\":[{\"@type\":\"ReadAction\",\"target\":[\"https:\\\/\\\/www.iepp.es\\\/it\\\/disciplina-positiva-non-urlare-contro-di-me-non-ti-sento\\\/\"]}]},{\"@type\":\"ImageObject\",\"inLanguage\":\"es\",\"@id\":\"https:\\\/\\\/www.iepp.es\\\/it\\\/disciplina-positiva-non-urlare-contro-di-me-non-ti-sento\\\/#primaryimage\",\"url\":\"https:\\\/\\\/www.iepp.es\\\/it\\\/wp-content\\\/uploads\\\/ninas-jugando-disciplina-positiva.jpeg\",\"contentUrl\":\"https:\\\/\\\/www.iepp.es\\\/it\\\/wp-content\\\/uploads\\\/ninas-jugando-disciplina-positiva.jpeg\",\"width\":763,\"height\":450},{\"@type\":\"BreadcrumbList\",\"@id\":\"https:\\\/\\\/www.iepp.es\\\/it\\\/disciplina-positiva-non-urlare-contro-di-me-non-ti-sento\\\/#breadcrumb\",\"itemListElement\":[{\"@type\":\"ListItem\",\"position\":1,\"name\":\"Portada\",\"item\":\"https:\\\/\\\/www.iepp.es\\\/it\\\/\"},{\"@type\":\"ListItem\",\"position\":2,\"name\":\"Disciplina Positiva: Non urlare contro di me, non ti sento\"}]},{\"@type\":\"WebSite\",\"@id\":\"https:\\\/\\\/www.iepp.es\\\/it\\\/#website\",\"url\":\"https:\\\/\\\/www.iepp.es\\\/it\\\/\",\"name\":\"Instituto Europeo de Psicolog\u00eda Positiva\",\"description\":\"Dal 2010 siamo stati pionieri nell&#039;uso di tecniche di Psicologia Positiva in tutti i nostri centri, dove aiutiamo ogni giorno pi\u00f9 persone e organizzazioni.\",\"potentialAction\":[{\"@type\":\"SearchAction\",\"target\":{\"@type\":\"EntryPoint\",\"urlTemplate\":\"https:\\\/\\\/www.iepp.es\\\/it\\\/?s={search_term_string}\"},\"query-input\":{\"@type\":\"PropertyValueSpecification\",\"valueRequired\":true,\"valueName\":\"search_term_string\"}}],\"inLanguage\":\"es\"},{\"@type\":\"Person\",\"@id\":\"https:\\\/\\\/www.iepp.es\\\/it\\\/#\\\/schema\\\/person\\\/bf2ea672c48f0300a074ca007fcd1375\",\"name\":\"ieppnew2\",\"image\":{\"@type\":\"ImageObject\",\"inLanguage\":\"es\",\"@id\":\"https:\\\/\\\/secure.gravatar.com\\\/avatar\\\/38be0ef170af8c27f8fd62caba92a3dba93ddbeea4453b5a584e5c3e898a522d?s=96&d=mm&r=g\",\"url\":\"https:\\\/\\\/secure.gravatar.com\\\/avatar\\\/38be0ef170af8c27f8fd62caba92a3dba93ddbeea4453b5a584e5c3e898a522d?s=96&d=mm&r=g\",\"contentUrl\":\"https:\\\/\\\/secure.gravatar.com\\\/avatar\\\/38be0ef170af8c27f8fd62caba92a3dba93ddbeea4453b5a584e5c3e898a522d?s=96&d=mm&r=g\",\"caption\":\"ieppnew2\"}}]}<\/script>\n<!-- \/ Yoast SEO plugin. -->","yoast_head_json":{"title":"Disciplina Positiva: Non urlare contro di me, non ti sento - IEPP","robots":{"index":"index","follow":"follow","max-snippet":"max-snippet:-1","max-image-preview":"max-image-preview:large","max-video-preview":"max-video-preview:-1"},"canonical":"https:\/\/www.iepp.es\/it\/disciplina-positiva-non-urlare-contro-di-me-non-ti-sento\/","og_locale":"es_ES","og_type":"article","og_title":"Disciplina Positiva: Non urlare contro di me, non ti sento - IEPP","og_description":"\u201cLa Disciplina Positiva \u00e8 buon senso e coerenza nella vita, nell'educazione e nei rapporti umani\"Marisa Moya Cos' \u00e8 La\u00a0disciplina positiva\u00a0\u00e8 educare attraverso strategie di interazione positive e puntando sull'educatore, cio\u00e8 non si intende che il bambino cambi attraverso punizioni, urla, rabbia, ma grazie a strumenti come la conoscenza di s\u00e9, l'autodisciplina, la responsabilit\u00e0 e un Read More &raquo;","og_url":"https:\/\/www.iepp.es\/it\/disciplina-positiva-non-urlare-contro-di-me-non-ti-sento\/","og_site_name":"Instituto Europeo de Psicolog\u00eda Positiva","article_published_time":"2021-09-24T16:06:32+00:00","article_modified_time":"2021-09-24T16:06:33+00:00","og_image":[{"width":763,"height":450,"url":"https:\/\/www.iepp.es\/it\/wp-content\/uploads\/ninas-jugando-disciplina-positiva.jpeg","type":"image\/jpeg"}],"author":"ieppnew2","twitter_card":"summary_large_image","twitter_misc":{"Escrito por":"ieppnew2","Tiempo de lectura":"6 minutos"},"schema":{"@context":"https:\/\/schema.org","@graph":[{"@type":"Article","@id":"https:\/\/www.iepp.es\/it\/disciplina-positiva-non-urlare-contro-di-me-non-ti-sento\/#article","isPartOf":{"@id":"https:\/\/www.iepp.es\/it\/disciplina-positiva-non-urlare-contro-di-me-non-ti-sento\/"},"author":{"name":"ieppnew2","@id":"https:\/\/www.iepp.es\/it\/#\/schema\/person\/bf2ea672c48f0300a074ca007fcd1375"},"headline":"Disciplina Positiva: Non urlare contro di me, non ti sento","datePublished":"2021-09-24T16:06:32+00:00","dateModified":"2021-09-24T16:06:33+00:00","mainEntityOfPage":{"@id":"https:\/\/www.iepp.es\/it\/disciplina-positiva-non-urlare-contro-di-me-non-ti-sento\/"},"wordCount":1231,"image":{"@id":"https:\/\/www.iepp.es\/it\/disciplina-positiva-non-urlare-contro-di-me-non-ti-sento\/#primaryimage"},"thumbnailUrl":"https:\/\/www.iepp.es\/it\/wp-content\/uploads\/ninas-jugando-disciplina-positiva.jpeg","articleSection":["Psicologia Positiva"],"inLanguage":"es"},{"@type":"WebPage","@id":"https:\/\/www.iepp.es\/it\/disciplina-positiva-non-urlare-contro-di-me-non-ti-sento\/","url":"https:\/\/www.iepp.es\/it\/disciplina-positiva-non-urlare-contro-di-me-non-ti-sento\/","name":"Disciplina Positiva: Non urlare contro di me, non ti sento - IEPP","isPartOf":{"@id":"https:\/\/www.iepp.es\/it\/#website"},"primaryImageOfPage":{"@id":"https:\/\/www.iepp.es\/it\/disciplina-positiva-non-urlare-contro-di-me-non-ti-sento\/#primaryimage"},"image":{"@id":"https:\/\/www.iepp.es\/it\/disciplina-positiva-non-urlare-contro-di-me-non-ti-sento\/#primaryimage"},"thumbnailUrl":"https:\/\/www.iepp.es\/it\/wp-content\/uploads\/ninas-jugando-disciplina-positiva.jpeg","datePublished":"2021-09-24T16:06:32+00:00","dateModified":"2021-09-24T16:06:33+00:00","author":{"@id":"https:\/\/www.iepp.es\/it\/#\/schema\/person\/bf2ea672c48f0300a074ca007fcd1375"},"breadcrumb":{"@id":"https:\/\/www.iepp.es\/it\/disciplina-positiva-non-urlare-contro-di-me-non-ti-sento\/#breadcrumb"},"inLanguage":"es","potentialAction":[{"@type":"ReadAction","target":["https:\/\/www.iepp.es\/it\/disciplina-positiva-non-urlare-contro-di-me-non-ti-sento\/"]}]},{"@type":"ImageObject","inLanguage":"es","@id":"https:\/\/www.iepp.es\/it\/disciplina-positiva-non-urlare-contro-di-me-non-ti-sento\/#primaryimage","url":"https:\/\/www.iepp.es\/it\/wp-content\/uploads\/ninas-jugando-disciplina-positiva.jpeg","contentUrl":"https:\/\/www.iepp.es\/it\/wp-content\/uploads\/ninas-jugando-disciplina-positiva.jpeg","width":763,"height":450},{"@type":"BreadcrumbList","@id":"https:\/\/www.iepp.es\/it\/disciplina-positiva-non-urlare-contro-di-me-non-ti-sento\/#breadcrumb","itemListElement":[{"@type":"ListItem","position":1,"name":"Portada","item":"https:\/\/www.iepp.es\/it\/"},{"@type":"ListItem","position":2,"name":"Disciplina Positiva: Non urlare contro di me, non ti sento"}]},{"@type":"WebSite","@id":"https:\/\/www.iepp.es\/it\/#website","url":"https:\/\/www.iepp.es\/it\/","name":"Instituto Europeo de Psicolog\u00eda Positiva","description":"Dal 2010 siamo stati pionieri nell&#039;uso di tecniche di Psicologia Positiva in tutti i nostri centri, dove aiutiamo ogni giorno pi\u00f9 persone e organizzazioni.","potentialAction":[{"@type":"SearchAction","target":{"@type":"EntryPoint","urlTemplate":"https:\/\/www.iepp.es\/it\/?s={search_term_string}"},"query-input":{"@type":"PropertyValueSpecification","valueRequired":true,"valueName":"search_term_string"}}],"inLanguage":"es"},{"@type":"Person","@id":"https:\/\/www.iepp.es\/it\/#\/schema\/person\/bf2ea672c48f0300a074ca007fcd1375","name":"ieppnew2","image":{"@type":"ImageObject","inLanguage":"es","@id":"https:\/\/secure.gravatar.com\/avatar\/38be0ef170af8c27f8fd62caba92a3dba93ddbeea4453b5a584e5c3e898a522d?s=96&d=mm&r=g","url":"https:\/\/secure.gravatar.com\/avatar\/38be0ef170af8c27f8fd62caba92a3dba93ddbeea4453b5a584e5c3e898a522d?s=96&d=mm&r=g","contentUrl":"https:\/\/secure.gravatar.com\/avatar\/38be0ef170af8c27f8fd62caba92a3dba93ddbeea4453b5a584e5c3e898a522d?s=96&d=mm&r=g","caption":"ieppnew2"}}]}},"_links":{"self":[{"href":"https:\/\/www.iepp.es\/it\/wp-json\/wp\/v2\/posts\/1104","targetHints":{"allow":["GET"]}}],"collection":[{"href":"https:\/\/www.iepp.es\/it\/wp-json\/wp\/v2\/posts"}],"about":[{"href":"https:\/\/www.iepp.es\/it\/wp-json\/wp\/v2\/types\/post"}],"author":[{"embeddable":true,"href":"https:\/\/www.iepp.es\/it\/wp-json\/wp\/v2\/users\/1"}],"replies":[{"embeddable":true,"href":"https:\/\/www.iepp.es\/it\/wp-json\/wp\/v2\/comments?post=1104"}],"version-history":[{"count":3,"href":"https:\/\/www.iepp.es\/it\/wp-json\/wp\/v2\/posts\/1104\/revisions"}],"predecessor-version":[{"id":1108,"href":"https:\/\/www.iepp.es\/it\/wp-json\/wp\/v2\/posts\/1104\/revisions\/1108"}],"wp:featuredmedia":[{"embeddable":true,"href":"https:\/\/www.iepp.es\/it\/wp-json\/wp\/v2\/media\/1107"}],"wp:attachment":[{"href":"https:\/\/www.iepp.es\/it\/wp-json\/wp\/v2\/media?parent=1104"}],"wp:term":[{"taxonomy":"category","embeddable":true,"href":"https:\/\/www.iepp.es\/it\/wp-json\/wp\/v2\/categories?post=1104"},{"taxonomy":"post_tag","embeddable":true,"href":"https:\/\/www.iepp.es\/it\/wp-json\/wp\/v2\/tags?post=1104"}],"curies":[{"name":"wp","href":"https:\/\/api.w.org\/{rel}","templated":true}]}}