{"id":1260,"date":"2022-07-06T13:59:13","date_gmt":"2022-07-06T11:59:13","guid":{"rendered":"https:\/\/www.iepp.es\/it\/?p=1260"},"modified":"2022-07-06T13:59:15","modified_gmt":"2022-07-06T11:59:15","slug":"come-sviluppare-lintelligenza-emotiva","status":"publish","type":"post","link":"https:\/\/www.iepp.es\/it\/come-sviluppare-lintelligenza-emotiva\/","title":{"rendered":"Come sviluppare l'intelligenza emotiva"},"content":{"rendered":"\n<p><a href=\"https:\/\/www-iepp-es.translate.goog\/inteligencia-emocional\/?_x_tr_sl=auto&amp;_x_tr_tl=it&amp;_x_tr_hl=it&amp;_x_tr_pto=wapp\" target=\"_blank\" rel=\"noreferrer noopener\">L' intelligenza<\/a>&nbsp;emotiva&nbsp;, come spieghiamo in questo articolo, si riferisce alla capacit\u00e0 che le persone hanno di riconoscere i propri sentimenti e quelli degli altri.<\/p>\n\n\n\n<p>Abbiamo gi\u00e0 spiegato che&nbsp;<strong>l'Intelligenza Emotiva<\/strong>&nbsp;pu\u00f2 essere addestrata per migliorarla.&nbsp;Ed \u00e8 che vari studi ci hanno spiegato che grazie alla plasticit\u00e0 neuronale, la capacit\u00e0 del cervello di cambiare a qualsiasi et\u00e0, \u00e8 possibile apprendere l'empatia e la gestione emotiva.<\/p>\n\n\n\n<p>Quindi qui vi lasciamo otto&nbsp;<em>chiavi<\/em>&nbsp;per questo.<\/p>\n\n\n\n<h2 class=\"wp-block-heading\">Chiavi per sviluppare l'intelligenza emotiva<\/h2>\n\n\n\n<h3 class=\"wp-block-heading\">Alzati e cerca il brivido<\/h3>\n\n\n\n<p>Nel mondo e nella societ\u00e0 in cui viviamo, \u00e8 molto comune indossare il&nbsp;<em>\"pilota automatico\"<\/em>&nbsp;, lasciandoci trasportare dalla routine e vedendo bloccare le emozioni.<\/p>\n\n\n\n<p>Molte volte \u00e8 come se vivessimo in modalit\u00e0 robot, scollegati dalle nostre emozioni, principalmente quelle meno positive perch\u00e9 non ci piace soffrire o provare dolore e ci viene insegnato ad isolarci da esse per proteggerci.<\/p>\n\n\n\n<p>Dobbiamo cambiare il chip e questo modo di attraversare il mondo, le emozioni non possono essere eliminate, fanno parte di noi, quindi la cosa ideale e pi\u00f9 consigliata \u00e8 imparare a connetterci con loro.<\/p>\n\n\n\n<p>Quando qualcosa ti fa agire o sentire in un certo modo, fermati per un secondo, rifletti sull'emozione che c'\u00e8 dietro e trova la sua fonte.&nbsp;All'inizio \u00e8 inevitabile che ti coster\u00e0, ma a poco a poco vedrai come con la pratica \u00e8 pi\u00f9 facile di quanto pensassi a priori.<\/p>\n\n\n\n<p>Ti diamo una lezione<\/p>\n\n\n\n<p>Scopri il nostro Corso di Mindfulness e Gestione Emotiva<\/p>\n\n\n\n<p>Iscriviti e scopri le tecniche per lavorare sull'intelligenza emotiva e sulla consapevolezza.Ricevi Regalo<\/p>\n\n\n\n<h3 class=\"wp-block-heading\">Aumenta la tua lingua e il tuo vocabolario emotivo<\/h3>\n\n\n\n<p>Ci sono da 4 a 6&nbsp;<a href=\"https:\/\/www-iepp-es.translate.goog\/emociones-basicas\/?_x_tr_sl=auto&amp;_x_tr_tl=it&amp;_x_tr_hl=it&amp;_x_tr_pto=wapp\" target=\"_blank\" rel=\"noreferrer noopener\">emozioni di base<\/a>&nbsp;e da cui tutte le altre vengono create e sviluppate.&nbsp;Quindi vai oltre, cerca di concretizzare ed essere il pi\u00f9 specifico possibile per poter identificare la tua emozione.<\/p>\n\n\n\n<p>Ed \u00e8 che essere in grado di dare un nome a ci\u00f2 che senti \u00e8 molto importante per capire e capire cosa ti succede.<\/p>\n\n\n\n<h3 class=\"wp-block-heading\">Non lasciarti ingannare dalle apparenze emotive<\/h3>\n\n\n\n<p>Molte volte le emozioni primarie innescano altre emozioni secondarie, e questo pu\u00f2 portarci all'errore di credere che ci\u00f2 che stiamo veramente provando sia l'emozione secondaria, ma no, a volte dobbiamo andare oltre, cercare e identificare la prima emozione che \u00e8 quello che ci sta davvero colpendo.<\/p>\n\n\n\n<p>Vediamo un esempio: Juanjo ha ricevuto l'informazione che uno dei suoi migliori amici, Aitor, ha raccontato qualcosa di molto intimo, qualcosa che non si aspettava che raccontasse a nessuno.&nbsp;Era il suo segreto!&nbsp;Come pensi che si senta Juanjo?&nbsp;Chiedendolo in terapia, ci dice che si \u00e8 sentito tradito ed \u00e8 per questo che \u00e8 molto arrabbiato e incazzato.&nbsp;Rimarremo davvero l\u00ec?&nbsp;Nerd.&nbsp;Se andiamo pi\u00f9 a fondo, possiamo capire che la causa fondamentale della rabbia di Juanjo non \u00e8 il tradimento in quanto tale, \u00e8 la tristezza.&nbsp;Juanjo \u00e8 arrabbiato con Aitor perch\u00e9 gli ha causato grande tristezza vedere che la sua amicizia non ha per lui lo stesso valore che si aspettava.&nbsp;Ecco qua.<\/p>\n\n\n\n<h3 class=\"wp-block-heading\">Cerca di non giudicare il modo in cui ti senti come buono o cattivo<\/h3>\n\n\n\n<p>Le emozioni hanno lo scopo di fornirci informazioni e avvisarci di ci\u00f2 che sta accadendo.&nbsp;Sono inevitabili e, come vi dicevo all'inizio di questo post, non si possono eliminare.<\/p>\n\n\n\n<p>Accettando questo come qualcosa di intrinseco a noi e alla nostra specie, una volta che appare l'emozione cerca di non giudicare.&nbsp;Non considerare mai le tue emozioni, come qualcosa di buono o cattivo, fallo come una fonte di informazioni che ti aiuter\u00e0 a diventare pi\u00f9 consapevole di te stesso.&nbsp;Ne pi\u00f9 ne meno.<\/p>\n\n\n\n<h3 class=\"wp-block-heading\">Cerca di capire il linguaggio del corpo<\/h3>\n\n\n\n<p>Per identificare meglio le emozioni, \u00e8 molto importante guardare al linguaggio non verbale, al linguaggio del corpo: braccia, postura della schiena, rictus... In questo modo, se hai difficolt\u00e0 a identificare le tue emozioni, capire il linguaggio del corpo ti dar\u00e0 molte indizi su ci\u00f2 che sta accadendo dentro di te e ti aiuter\u00e0 nel processo.<\/p>\n\n\n\n<p>Non possiamo dimenticare nemmeno le manifestazioni fisiologiche automatiche come arrossamento, sudorazione eccessiva, tremori alle gambe, pressione toracica, ecc.&nbsp;Ed \u00e8 che se troviamo schemi e connessioni causa-effetto tra la sensazione fisica che provo quando viene innescata una certa emozione, sar\u00f2 un esperto emotivo.<\/p>\n\n\n\n<h3 class=\"wp-block-heading\">Non rimanere nel come e cercare il perch\u00e9<\/h3>\n\n\n\n<p>\u00c8 essenziale abituarsi e allenarsi a pensare ai sentimenti e alle cause che possono essere dietro certe reazioni e cio\u00e8 che cercando il motivo delle reazioni, sarai in grado di capire un po' meglio le persone.<\/p>\n\n\n\n<p>Pratica la consapevolezza e riduci lo stress<\/p>\n\n\n\n<p>5 passaggi pratici per iniziare con la consapevolezza<\/p>\n\n\n\n<p>Conoscere le chiavi principali della Mindfulness e aumentare il benessere con semplici passaggi da applicare quotidianamente.Scarica Guida<\/p>\n\n\n\n<h3 class=\"wp-block-heading\">essere assertivo<\/h3>\n\n\n\n<p>Ancora una volta si parla di assertivit\u00e0 ed \u00e8 un fattore fondamentale per poter esprimere correttamente le emozioni.&nbsp;Nel nostro articolo&nbsp;<strong><em>\"&nbsp;<a href=\"https:\/\/www-iepp-es.translate.goog\/aprende-a-decir-que-no\/?_x_tr_sl=auto&amp;_x_tr_tl=it&amp;_x_tr_hl=it&amp;_x_tr_pto=wapp\" target=\"_blank\" rel=\"noreferrer noopener\">\u00c8 ora di stabilire dei limiti: impara a dire NO<\/a>&nbsp;\"<\/em><\/strong>&nbsp;ne abbiamo gi\u00e0 parlato.&nbsp;Inizia a praticarlo.<\/p>\n\n\n\n<p>Per finire, voglio ricordarti che la perseveranza e lo sforzo sono molto importanti e che devi dedicare il tempo necessario e sufficiente se vuoi migliorare la tua&nbsp;<strong>Intelligenza Emotiva.<\/strong><\/p>\n\n\n\n<h3 class=\"wp-block-heading\"><strong>Esprimi e condividi le tue emozioni<\/strong><\/h3>\n\n\n\n<p>\u00c8 fondamentale tirar fuori quello che ci portiamo dentro e non ingoiarlo e che rimanga senza uscire e cio\u00e8 che tutto ci\u00f2 che non si esprime possa radicarsi.&nbsp;Quindi d'ora in poi, condividi le tue emozioni con le persone intorno a te, per andare avanti.<\/p>\n\n\n\n<h2 class=\"wp-block-heading\">Esercizio pratico per lavorare sull'intelligenza emotiva<\/h2>\n\n\n\n<h3 class=\"wp-block-heading\">Fase di identificazione<\/h3>\n\n\n\n<p>Quando si parla di riconoscere, si tratta soprattutto di sapere prima cosa provo e poi dare un nome a ci\u00f2 che sento, niente di pi\u00f9 e niente di meno \ud83d\ude42<\/p>\n\n\n\n<p>Nota, questa fase \u00e8 quella iniziale ma \u00e8 qualcosa su cui lavoriamo costantemente perch\u00e9 a volte siamo cos\u00ec concentrati su ci\u00f2 che dobbiamo fare e sulla nostra agenda che non notiamo nemmeno le nostre emozioni.<\/p>\n\n\n\n<p>In molte occasioni ho incontrato persone che hanno alti livelli di stress ma che non lo percepiscono fino a quando non diventa un conflitto lombare o un mal di stomaco.&nbsp;Perch\u00e9 sta succedendo?&nbsp;perch\u00e9 non faccio attenzione, la mia mente \u00e8 piena di informazioni e non si adattano.&nbsp;E se il cervello non lo percepisce, non se ne occupa.&nbsp;Ecco perch\u00e9 questo primo passaggio \u00e8 essenziale su cui lavorare.<\/p>\n\n\n\n<h3 class=\"wp-block-heading\">Fase di comprensione<\/h3>\n\n\n\n<p>La fase di comprensione ci permette di capire quale funzione sta adempiendo quell'emozione e quindi come posso usarla per migliorarla.<\/p>\n\n\n\n<p>A volte, quando lavoro sulla comprensione, scopro che tendiamo a evitare ci\u00f2 che ci fa stare male per minimizzarlo o perch\u00e9 \u00e8 davvero spiacevole.<\/p>\n\n\n\n<p>Ad esempio, ricordo un caso in cui non voleva iniziare a lavorare dopo la terapia perch\u00e9 aveva paura di aprire una scatola piena di dolore per cui non si sentiva pronta.&nbsp;Era consapevole che il dolore c'era ma non voleva capirlo.&nbsp;Ed \u00e8 che a volte ci\u00f2 che c'\u00e8 dietro quel dolore \u00e8 una decisione, come in questo caso, che ha finalmente capito che la sua relazione non stava funzionando.<\/p>\n\n\n\n<h3 class=\"wp-block-heading\">Fase di gestione<\/h3>\n\n\n\n<p>E infine la fase di gestione \u00e8 quando utilizziamo tutte le informazioni precedenti sotto forma di comportamenti.&nbsp;Ad esempio quando:&nbsp;<\/p>\n\n\n\n<ol class=\"wp-block-list\"><li>Ho capito che ho paura dell'opinione dei miei capi nel caso in cui perdessi il lavoro.<\/li><li>Quella paura mi dice che mi piace questo lavoro e che voglio mantenerlo.<\/li><li>Che l'effetto di una paura prolungata \u00e8 che perdo la concentrazione, ho risultati peggiori e la paura aumenta molto di pi\u00f9.&nbsp;<\/li><li>Quindi decido di cambiare il focus dei miei pensieri e dei miei comportamenti, puntando sul fare bene il mio lavoro, perch\u00e9 ho analizzato che quando lo faccio le cose mi vanno meglio, la mente si concentra e alla fine arrivano i risultati.<\/li><\/ol>\n\n\n\n<h2 class=\"wp-block-heading\">Podcast: sviluppa la tua intelligenza emotiva<\/h2>\n\n\n\n<figure class=\"wp-block-embed is-type-rich is-provider-embed-handler wp-block-embed-embed-handler wp-embed-aspect-16-9 wp-has-aspect-ratio\"><div class=\"wp-block-embed__wrapper\">\n<iframe loading=\"lazy\" title=\"Sviluppa La Tua Intelligenza Emotiva : Podcast #5 - Metti in pratica la Psicologia Positiva\" width=\"557\" height=\"313\" src=\"https:\/\/www.youtube.com\/embed\/9xwAOz-Mr9A?feature=oembed\" frameborder=\"0\" allow=\"accelerometer; autoplay; clipboard-write; encrypted-media; gyroscope; picture-in-picture; web-share\" referrerpolicy=\"strict-origin-when-cross-origin\" allowfullscreen><\/iframe>\n<\/div><\/figure>\n\n\n\n\n\n<p>In modo pratico e giocoso, possiamo sviluppare e rafforzare la nostra&nbsp;<strong><a href=\"https:\/\/www-iepp-es.translate.goog\/inteligencia-emocional\/?_x_tr_sl=auto&amp;_x_tr_tl=it&amp;_x_tr_hl=it&amp;_x_tr_pto=wapp\" target=\"_blank\" rel=\"noreferrer noopener\">Intelligenza Emotiva<\/a><\/strong>&nbsp;se svolgiamo:<strong><a href=\"https:\/\/www-iepp-es.translate.goog\/inteligencia-emocional\/?_x_tr_sl=auto&amp;_x_tr_tl=it&amp;_x_tr_hl=it&amp;_x_tr_pto=wapp\" target=\"_blank\" rel=\"noreferrer noopener\"><\/a><\/strong><\/p>\n\n\n\n<ul class=\"wp-block-list\"><li>Esercizi di respirazione consapevole.<\/li><li>Attivit\u00e0 legate alle arti performative: teatro, danza, musica.<\/li><li>Esercizi in cui il corpo viene utilizzato consapevolmente.<\/li><li>Giochi in cui \u00e8 importante gestire e interpretare le emozioni degli altri.<\/li><li>Esercizi di affermazione e\/o pensiero positivo.<\/li><li>Sport come Aikido, Judo, Karate, Kung Fu e Capoeira.<\/li><\/ul>\n\n\n\n<p>Se ritieni ancora che il modo migliore per gestire e migliorare correttamente&nbsp;<strong>l'Intelligenza Emotiva<\/strong>&nbsp;e le sue componenti sia farlo con l'aiuto di un esperto, saremo felici di accompagnarti nel processo, perch\u00e9 un aiuto professionale d\u00e0 risultati.&nbsp;Richiedi un&nbsp;<a href=\"https:\/\/www-iepp-es.translate.goog\/psicologos-online\/?_x_tr_sl=auto&amp;_x_tr_tl=it&amp;_x_tr_hl=it&amp;_x_tr_pto=wapp\" target=\"_blank\" rel=\"noreferrer noopener\">appuntamento di psicologia online<\/a>&nbsp;, in cui per mezz'ora parlerai di persona o online con uno psicologo che ti guidi lungo il percorso, per risolvere i tuoi dubbi e decidere un piano d'azione terapeutico in cui lavorare su tutto ci\u00f2 che ti preoccupa.<\/p>\n","protected":false},"excerpt":{"rendered":"<p>L' intelligenza&nbsp;emotiva&nbsp;, come spieghiamo in questo articolo, si riferisce alla capacit\u00e0 che le persone hanno di riconoscere i propri sentimenti e quelli degli altri. Abbiamo gi\u00e0 spiegato che&nbsp;l'Intelligenza Emotiva&nbsp;pu\u00f2 essere addestrata per migliorarla.&nbsp;Ed \u00e8 che vari studi ci hanno spiegato che grazie alla plasticit\u00e0 neuronale, la capacit\u00e0 del cervello di cambiare a qualsiasi et\u00e0, \u00e8 <a class=\"read-more\" href=\"https:\/\/www.iepp.es\/it\/come-sviluppare-lintelligenza-emotiva\/\">Read More &raquo;<\/a><\/p>\n","protected":false},"author":1,"featured_media":1261,"comment_status":"closed","ping_status":"closed","sticky":false,"template":"","format":"standard","meta":{"footnotes":""},"categories":[1],"tags":[],"class_list":["post-1260","post","type-post","status-publish","format-standard","has-post-thumbnail","hentry","category-blog-psicologia-positiva"],"yoast_head":"<!-- This site is optimized with the Yoast SEO plugin v27.5 - https:\/\/yoast.com\/product\/yoast-seo-wordpress\/ -->\n<title>Come sviluppare l&#039;intelligenza emotiva - IEPP<\/title>\n<meta name=\"robots\" content=\"index, follow, max-snippet:-1, max-image-preview:large, max-video-preview:-1\" \/>\n<link rel=\"canonical\" href=\"https:\/\/www.iepp.es\/it\/come-sviluppare-lintelligenza-emotiva\/\" \/>\n<meta property=\"og:locale\" content=\"es_ES\" \/>\n<meta property=\"og:type\" content=\"article\" \/>\n<meta property=\"og:title\" content=\"Come sviluppare l&#039;intelligenza emotiva - IEPP\" \/>\n<meta property=\"og:description\" content=\"L&#039; intelligenza&nbsp;emotiva&nbsp;, come spieghiamo in questo articolo, si riferisce alla capacit\u00e0 che le persone hanno di riconoscere i propri sentimenti e quelli degli altri. Abbiamo gi\u00e0 spiegato che&nbsp;l&#039;Intelligenza Emotiva&nbsp;pu\u00f2 essere addestrata per migliorarla.&nbsp;Ed \u00e8 che vari studi ci hanno spiegato che grazie alla plasticit\u00e0 neuronale, la capacit\u00e0 del cervello di cambiare a qualsiasi et\u00e0, \u00e8 Read More &raquo;\" \/>\n<meta property=\"og:url\" content=\"https:\/\/www.iepp.es\/it\/come-sviluppare-lintelligenza-emotiva\/\" \/>\n<meta property=\"og:site_name\" content=\"Instituto Europeo de Psicolog\u00eda Positiva\" \/>\n<meta property=\"article:published_time\" content=\"2022-07-06T11:59:13+00:00\" \/>\n<meta property=\"article:modified_time\" content=\"2022-07-06T11:59:15+00:00\" \/>\n<meta property=\"og:image\" content=\"https:\/\/www.iepp.es\/it\/wp-content\/uploads\/image-6.jpeg\" \/>\n\t<meta property=\"og:image:width\" content=\"950\" \/>\n\t<meta property=\"og:image:height\" content=\"561\" \/>\n\t<meta property=\"og:image:type\" content=\"image\/jpeg\" \/>\n<meta name=\"author\" content=\"ieppnew2\" \/>\n<meta name=\"twitter:card\" content=\"summary_large_image\" \/>\n<meta name=\"twitter:label1\" content=\"Escrito por\" \/>\n\t<meta name=\"twitter:data1\" content=\"ieppnew2\" \/>\n\t<meta name=\"twitter:label2\" content=\"Tiempo de lectura\" \/>\n\t<meta name=\"twitter:data2\" content=\"7 minutos\" \/>\n<script type=\"application\/ld+json\" class=\"yoast-schema-graph\">{\"@context\":\"https:\\\/\\\/schema.org\",\"@graph\":[{\"@type\":\"Article\",\"@id\":\"https:\\\/\\\/www.iepp.es\\\/it\\\/come-sviluppare-lintelligenza-emotiva\\\/#article\",\"isPartOf\":{\"@id\":\"https:\\\/\\\/www.iepp.es\\\/it\\\/come-sviluppare-lintelligenza-emotiva\\\/\"},\"author\":{\"name\":\"ieppnew2\",\"@id\":\"https:\\\/\\\/www.iepp.es\\\/it\\\/#\\\/schema\\\/person\\\/bf2ea672c48f0300a074ca007fcd1375\"},\"headline\":\"Come sviluppare l'intelligenza emotiva\",\"datePublished\":\"2022-07-06T11:59:13+00:00\",\"dateModified\":\"2022-07-06T11:59:15+00:00\",\"mainEntityOfPage\":{\"@id\":\"https:\\\/\\\/www.iepp.es\\\/it\\\/come-sviluppare-lintelligenza-emotiva\\\/\"},\"wordCount\":1460,\"image\":{\"@id\":\"https:\\\/\\\/www.iepp.es\\\/it\\\/come-sviluppare-lintelligenza-emotiva\\\/#primaryimage\"},\"thumbnailUrl\":\"https:\\\/\\\/www.iepp.es\\\/it\\\/wp-content\\\/uploads\\\/image-6.jpeg\",\"articleSection\":[\"Psicologia Positiva\"],\"inLanguage\":\"es\"},{\"@type\":\"WebPage\",\"@id\":\"https:\\\/\\\/www.iepp.es\\\/it\\\/come-sviluppare-lintelligenza-emotiva\\\/\",\"url\":\"https:\\\/\\\/www.iepp.es\\\/it\\\/come-sviluppare-lintelligenza-emotiva\\\/\",\"name\":\"Come sviluppare l'intelligenza emotiva - IEPP\",\"isPartOf\":{\"@id\":\"https:\\\/\\\/www.iepp.es\\\/it\\\/#website\"},\"primaryImageOfPage\":{\"@id\":\"https:\\\/\\\/www.iepp.es\\\/it\\\/come-sviluppare-lintelligenza-emotiva\\\/#primaryimage\"},\"image\":{\"@id\":\"https:\\\/\\\/www.iepp.es\\\/it\\\/come-sviluppare-lintelligenza-emotiva\\\/#primaryimage\"},\"thumbnailUrl\":\"https:\\\/\\\/www.iepp.es\\\/it\\\/wp-content\\\/uploads\\\/image-6.jpeg\",\"datePublished\":\"2022-07-06T11:59:13+00:00\",\"dateModified\":\"2022-07-06T11:59:15+00:00\",\"author\":{\"@id\":\"https:\\\/\\\/www.iepp.es\\\/it\\\/#\\\/schema\\\/person\\\/bf2ea672c48f0300a074ca007fcd1375\"},\"breadcrumb\":{\"@id\":\"https:\\\/\\\/www.iepp.es\\\/it\\\/come-sviluppare-lintelligenza-emotiva\\\/#breadcrumb\"},\"inLanguage\":\"es\",\"potentialAction\":[{\"@type\":\"ReadAction\",\"target\":[\"https:\\\/\\\/www.iepp.es\\\/it\\\/come-sviluppare-lintelligenza-emotiva\\\/\"]}]},{\"@type\":\"ImageObject\",\"inLanguage\":\"es\",\"@id\":\"https:\\\/\\\/www.iepp.es\\\/it\\\/come-sviluppare-lintelligenza-emotiva\\\/#primaryimage\",\"url\":\"https:\\\/\\\/www.iepp.es\\\/it\\\/wp-content\\\/uploads\\\/image-6.jpeg\",\"contentUrl\":\"https:\\\/\\\/www.iepp.es\\\/it\\\/wp-content\\\/uploads\\\/image-6.jpeg\",\"width\":950,\"height\":561},{\"@type\":\"BreadcrumbList\",\"@id\":\"https:\\\/\\\/www.iepp.es\\\/it\\\/come-sviluppare-lintelligenza-emotiva\\\/#breadcrumb\",\"itemListElement\":[{\"@type\":\"ListItem\",\"position\":1,\"name\":\"Portada\",\"item\":\"https:\\\/\\\/www.iepp.es\\\/it\\\/\"},{\"@type\":\"ListItem\",\"position\":2,\"name\":\"Come sviluppare l'intelligenza emotiva\"}]},{\"@type\":\"WebSite\",\"@id\":\"https:\\\/\\\/www.iepp.es\\\/it\\\/#website\",\"url\":\"https:\\\/\\\/www.iepp.es\\\/it\\\/\",\"name\":\"Instituto Europeo de Psicolog\u00eda Positiva\",\"description\":\"Dal 2010 siamo stati pionieri nell&#039;uso di tecniche di Psicologia Positiva in tutti i nostri centri, dove aiutiamo ogni giorno pi\u00f9 persone e organizzazioni.\",\"potentialAction\":[{\"@type\":\"SearchAction\",\"target\":{\"@type\":\"EntryPoint\",\"urlTemplate\":\"https:\\\/\\\/www.iepp.es\\\/it\\\/?s={search_term_string}\"},\"query-input\":{\"@type\":\"PropertyValueSpecification\",\"valueRequired\":true,\"valueName\":\"search_term_string\"}}],\"inLanguage\":\"es\"},{\"@type\":\"Person\",\"@id\":\"https:\\\/\\\/www.iepp.es\\\/it\\\/#\\\/schema\\\/person\\\/bf2ea672c48f0300a074ca007fcd1375\",\"name\":\"ieppnew2\",\"image\":{\"@type\":\"ImageObject\",\"inLanguage\":\"es\",\"@id\":\"https:\\\/\\\/secure.gravatar.com\\\/avatar\\\/38be0ef170af8c27f8fd62caba92a3dba93ddbeea4453b5a584e5c3e898a522d?s=96&d=mm&r=g\",\"url\":\"https:\\\/\\\/secure.gravatar.com\\\/avatar\\\/38be0ef170af8c27f8fd62caba92a3dba93ddbeea4453b5a584e5c3e898a522d?s=96&d=mm&r=g\",\"contentUrl\":\"https:\\\/\\\/secure.gravatar.com\\\/avatar\\\/38be0ef170af8c27f8fd62caba92a3dba93ddbeea4453b5a584e5c3e898a522d?s=96&d=mm&r=g\",\"caption\":\"ieppnew2\"}}]}<\/script>\n<!-- \/ Yoast SEO plugin. -->","yoast_head_json":{"title":"Come sviluppare l'intelligenza emotiva - IEPP","robots":{"index":"index","follow":"follow","max-snippet":"max-snippet:-1","max-image-preview":"max-image-preview:large","max-video-preview":"max-video-preview:-1"},"canonical":"https:\/\/www.iepp.es\/it\/come-sviluppare-lintelligenza-emotiva\/","og_locale":"es_ES","og_type":"article","og_title":"Come sviluppare l'intelligenza emotiva - IEPP","og_description":"L' intelligenza&nbsp;emotiva&nbsp;, come spieghiamo in questo articolo, si riferisce alla capacit\u00e0 che le persone hanno di riconoscere i propri sentimenti e quelli degli altri. Abbiamo gi\u00e0 spiegato che&nbsp;l'Intelligenza Emotiva&nbsp;pu\u00f2 essere addestrata per migliorarla.&nbsp;Ed \u00e8 che vari studi ci hanno spiegato che grazie alla plasticit\u00e0 neuronale, la capacit\u00e0 del cervello di cambiare a qualsiasi et\u00e0, \u00e8 Read More &raquo;","og_url":"https:\/\/www.iepp.es\/it\/come-sviluppare-lintelligenza-emotiva\/","og_site_name":"Instituto Europeo de Psicolog\u00eda Positiva","article_published_time":"2022-07-06T11:59:13+00:00","article_modified_time":"2022-07-06T11:59:15+00:00","og_image":[{"width":950,"height":561,"url":"https:\/\/www.iepp.es\/it\/wp-content\/uploads\/image-6.jpeg","type":"image\/jpeg"}],"author":"ieppnew2","twitter_card":"summary_large_image","twitter_misc":{"Escrito por":"ieppnew2","Tiempo de lectura":"7 minutos"},"schema":{"@context":"https:\/\/schema.org","@graph":[{"@type":"Article","@id":"https:\/\/www.iepp.es\/it\/come-sviluppare-lintelligenza-emotiva\/#article","isPartOf":{"@id":"https:\/\/www.iepp.es\/it\/come-sviluppare-lintelligenza-emotiva\/"},"author":{"name":"ieppnew2","@id":"https:\/\/www.iepp.es\/it\/#\/schema\/person\/bf2ea672c48f0300a074ca007fcd1375"},"headline":"Come sviluppare l'intelligenza emotiva","datePublished":"2022-07-06T11:59:13+00:00","dateModified":"2022-07-06T11:59:15+00:00","mainEntityOfPage":{"@id":"https:\/\/www.iepp.es\/it\/come-sviluppare-lintelligenza-emotiva\/"},"wordCount":1460,"image":{"@id":"https:\/\/www.iepp.es\/it\/come-sviluppare-lintelligenza-emotiva\/#primaryimage"},"thumbnailUrl":"https:\/\/www.iepp.es\/it\/wp-content\/uploads\/image-6.jpeg","articleSection":["Psicologia Positiva"],"inLanguage":"es"},{"@type":"WebPage","@id":"https:\/\/www.iepp.es\/it\/come-sviluppare-lintelligenza-emotiva\/","url":"https:\/\/www.iepp.es\/it\/come-sviluppare-lintelligenza-emotiva\/","name":"Come sviluppare l'intelligenza emotiva - IEPP","isPartOf":{"@id":"https:\/\/www.iepp.es\/it\/#website"},"primaryImageOfPage":{"@id":"https:\/\/www.iepp.es\/it\/come-sviluppare-lintelligenza-emotiva\/#primaryimage"},"image":{"@id":"https:\/\/www.iepp.es\/it\/come-sviluppare-lintelligenza-emotiva\/#primaryimage"},"thumbnailUrl":"https:\/\/www.iepp.es\/it\/wp-content\/uploads\/image-6.jpeg","datePublished":"2022-07-06T11:59:13+00:00","dateModified":"2022-07-06T11:59:15+00:00","author":{"@id":"https:\/\/www.iepp.es\/it\/#\/schema\/person\/bf2ea672c48f0300a074ca007fcd1375"},"breadcrumb":{"@id":"https:\/\/www.iepp.es\/it\/come-sviluppare-lintelligenza-emotiva\/#breadcrumb"},"inLanguage":"es","potentialAction":[{"@type":"ReadAction","target":["https:\/\/www.iepp.es\/it\/come-sviluppare-lintelligenza-emotiva\/"]}]},{"@type":"ImageObject","inLanguage":"es","@id":"https:\/\/www.iepp.es\/it\/come-sviluppare-lintelligenza-emotiva\/#primaryimage","url":"https:\/\/www.iepp.es\/it\/wp-content\/uploads\/image-6.jpeg","contentUrl":"https:\/\/www.iepp.es\/it\/wp-content\/uploads\/image-6.jpeg","width":950,"height":561},{"@type":"BreadcrumbList","@id":"https:\/\/www.iepp.es\/it\/come-sviluppare-lintelligenza-emotiva\/#breadcrumb","itemListElement":[{"@type":"ListItem","position":1,"name":"Portada","item":"https:\/\/www.iepp.es\/it\/"},{"@type":"ListItem","position":2,"name":"Come sviluppare l'intelligenza emotiva"}]},{"@type":"WebSite","@id":"https:\/\/www.iepp.es\/it\/#website","url":"https:\/\/www.iepp.es\/it\/","name":"Instituto Europeo de Psicolog\u00eda Positiva","description":"Dal 2010 siamo stati pionieri nell&#039;uso di tecniche di Psicologia Positiva in tutti i nostri centri, dove aiutiamo ogni giorno pi\u00f9 persone e organizzazioni.","potentialAction":[{"@type":"SearchAction","target":{"@type":"EntryPoint","urlTemplate":"https:\/\/www.iepp.es\/it\/?s={search_term_string}"},"query-input":{"@type":"PropertyValueSpecification","valueRequired":true,"valueName":"search_term_string"}}],"inLanguage":"es"},{"@type":"Person","@id":"https:\/\/www.iepp.es\/it\/#\/schema\/person\/bf2ea672c48f0300a074ca007fcd1375","name":"ieppnew2","image":{"@type":"ImageObject","inLanguage":"es","@id":"https:\/\/secure.gravatar.com\/avatar\/38be0ef170af8c27f8fd62caba92a3dba93ddbeea4453b5a584e5c3e898a522d?s=96&d=mm&r=g","url":"https:\/\/secure.gravatar.com\/avatar\/38be0ef170af8c27f8fd62caba92a3dba93ddbeea4453b5a584e5c3e898a522d?s=96&d=mm&r=g","contentUrl":"https:\/\/secure.gravatar.com\/avatar\/38be0ef170af8c27f8fd62caba92a3dba93ddbeea4453b5a584e5c3e898a522d?s=96&d=mm&r=g","caption":"ieppnew2"}}]}},"_links":{"self":[{"href":"https:\/\/www.iepp.es\/it\/wp-json\/wp\/v2\/posts\/1260","targetHints":{"allow":["GET"]}}],"collection":[{"href":"https:\/\/www.iepp.es\/it\/wp-json\/wp\/v2\/posts"}],"about":[{"href":"https:\/\/www.iepp.es\/it\/wp-json\/wp\/v2\/types\/post"}],"author":[{"embeddable":true,"href":"https:\/\/www.iepp.es\/it\/wp-json\/wp\/v2\/users\/1"}],"replies":[{"embeddable":true,"href":"https:\/\/www.iepp.es\/it\/wp-json\/wp\/v2\/comments?post=1260"}],"version-history":[{"count":2,"href":"https:\/\/www.iepp.es\/it\/wp-json\/wp\/v2\/posts\/1260\/revisions"}],"predecessor-version":[{"id":1296,"href":"https:\/\/www.iepp.es\/it\/wp-json\/wp\/v2\/posts\/1260\/revisions\/1296"}],"wp:featuredmedia":[{"embeddable":true,"href":"https:\/\/www.iepp.es\/it\/wp-json\/wp\/v2\/media\/1261"}],"wp:attachment":[{"href":"https:\/\/www.iepp.es\/it\/wp-json\/wp\/v2\/media?parent=1260"}],"wp:term":[{"taxonomy":"category","embeddable":true,"href":"https:\/\/www.iepp.es\/it\/wp-json\/wp\/v2\/categories?post=1260"},{"taxonomy":"post_tag","embeddable":true,"href":"https:\/\/www.iepp.es\/it\/wp-json\/wp\/v2\/tags?post=1260"}],"curies":[{"name":"wp","href":"https:\/\/api.w.org\/{rel}","templated":true}]}}