{"id":1491,"date":"2024-05-09T10:00:30","date_gmt":"2024-05-09T08:00:30","guid":{"rendered":"https:\/\/www.iepp.es\/it\/?p=1491"},"modified":"2024-04-22T10:08:28","modified_gmt":"2024-04-22T08:08:28","slug":"paura-di-non-farcela","status":"publish","type":"post","link":"https:\/\/www.iepp.es\/it\/paura-di-non-farcela\/","title":{"rendered":"La paura di non farcela"},"content":{"rendered":"\n<p>La <a href=\"https:\/\/www.iepp.es\/it\/chi-ha-detto-paura-origine-e-utilita\/\">paura<\/a> \u00e8 un\u2019emozione potente, una forza che pu\u00f2 paralizzare come pu\u00f2 spingere all\u2019azione. Nel contesto del raggiungimento degli obiettivi personali e professionali, la paura di non farcela pu\u00f2 essere un ostacolo insidioso.&nbsp;<\/p>\n\n\n\n<p>Una persona affetta dalla paura di non farcela pu\u00f2 nutrire timore di provare cose nuove, di correre rischi o di abbracciare la crescita per paura di fallire.<\/p>\n\n\n\n<h2 class=\"wp-block-heading\">In cosa consiste la paura di non farcela<\/h2>\n\n\n\n<p>La paura di non farcela pu\u00f2 spingerci ad eludere quelle circostanze in cui percepiamo un rischio di insuccesso, come affrontare un colloquio di lavoro o sostenere un esame.&nbsp;<\/p>\n\n\n\n<p>Talvolta questa paura pu\u00f2 effettivamente condurci al fallimento, innescando il meccanismo della <a href=\"https:\/\/www.iepp.es\/it\/profezia-che-si-autoavvera\/\">profezia che si autoavvera<\/a>,\u00a0 per cui la nostra convinzione negativa influenza direttamente l'esito delle nostre azioni. In altre parole, se crediamo di non poter fare qualcosa, \u00e8 probabile che non riusciremo a farlo, non perch\u00e9 non siamo capaci, ma perch\u00e9 la nostra paura ci impedisce di dare il massimo.<\/p>\n\n\n\n<figure class=\"wp-block-image size-large\"><img loading=\"lazy\" decoding=\"async\" width=\"950\" height=\"534\" src=\"https:\/\/www.iepp.es\/it\/wp-content\/uploads\/paura-del-fallimento-950x534.png\" alt=\"\" class=\"wp-image-1493\" srcset=\"https:\/\/www.iepp.es\/it\/wp-content\/uploads\/paura-del-fallimento-950x534.png 950w, https:\/\/www.iepp.es\/it\/wp-content\/uploads\/paura-del-fallimento-665x374.png 665w, https:\/\/www.iepp.es\/it\/wp-content\/uploads\/paura-del-fallimento-768x432.png 768w, https:\/\/www.iepp.es\/it\/wp-content\/uploads\/paura-del-fallimento-1536x864.png 1536w, https:\/\/www.iepp.es\/it\/wp-content\/uploads\/paura-del-fallimento.png 1920w\" sizes=\"auto, (max-width: 950px) 100vw, 950px\" \/><\/figure>\n\n\n\n<h2 class=\"wp-block-heading\">Paura di non farcela: cause e sintomi<\/h2>\n\n\n\n<p>La paura di non farcela pu\u00f2 essere causata da una serie di fattori e pu\u00f2 manifestarsi in vari modi. Tra le cause pi\u00f9 comuni troviamo:<\/p>\n\n\n\n<ul class=\"wp-block-list\">\n<li><strong>L\u2019impatto dell\u2019ambiente familiare<\/strong>: Crescere in un ambiente molto critico o poco incoraggiante pu\u00f2 aumentare la probabilit\u00e0 di sviluppare la paura del fallimento. Se durante l\u2019infanzia ci si \u00e8 sentiti <a href=\"https:\/\/www.iepp.es\/it\/complesso-di-inferiorita-non-sei-abbastanza-chi-te-lha-detto\/\">non all\u2019altezza delle aspettative<\/a> della famiglia, si potrebbe continuare a temere di commettere errori da adulti.<\/li>\n\n\n\n<li><strong>Definizione di fallimento<\/strong>: Le persone hanno definizioni diverse del fallimento. Per alcuni, fallire significa non riuscire a realizzare qualcosa esattamente come previsto. Questo pu\u00f2 creare un insieme di aspettative molto difficile da soddisfare.<\/li>\n\n\n\n<li><strong>Traumi<\/strong>: Chi ha vissuto un fallimento difficile o traumatico pu\u00f2 avere molta paura di ripetere quell\u2019esperienza in futuro.\u00a0<\/li>\n<\/ul>\n\n\n\n<p>In particolare, poi, le conseguenze negative derivanti da un fallimento precedente possono essere fattori di rischio che contribuiscono alla paura del fallimento. La paura di non farcela pu\u00f2 manifestarsi in vari modi, sia fisici che emotivi. Ecco alcuni dei sintomi pi\u00f9 riconoscibili:<\/p>\n\n\n\n<ul class=\"wp-block-list\">\n<li><strong>Credere di non avere le <a href=\"https:\/\/www.iepp.es\/it\/consapevolezza-di-se\/\">capacit\u00e0<\/a> o le conoscenze necessarie per raggiungere un obiettivo<\/strong>:\u00a0Questo pu\u00f2 manifestarsi come un costante dubbio di s\u00e9 e una mancanza di fiducia nelle proprie abilit\u00e0.<\/li>\n\n\n\n<li><strong><a href=\"https:\/\/www.iepp.es\/it\/procrastinazione\/\">Procrastinare<\/a><\/strong> fino al punto di compromettere il proprio rendimento o la capacit\u00e0 di finire in tempo:\u00a0Questo pu\u00f2 portare a stress e ansia aggiuntivi.<\/li>\n\n\n\n<li><strong>Mancanza di <a href=\"https:\/\/www.iepp.es\/it\/autostima-che-opinione-hai-di-te-stesso\/\">autostima<\/a><\/strong>: Questo pu\u00f2 portare a un costante stato di ansia sociale, poich\u00e9 si teme che gli altri possano avere un\u2019opinione negativa di noi.<\/li>\n\n\n\n<li><strong>Attacchi di panico<\/strong>: Questo pu\u00f2 manifestarsi come episodi improvvisi e intensi di paura o disagio, che possono includere sintomi come palpitazioni, sudorazione, tremori, sensazioni di soffocamento o difficolt\u00e0 a respirare.<\/li>\n<\/ul>\n\n\n\n<figure class=\"wp-block-image size-large\"><img loading=\"lazy\" decoding=\"async\" width=\"950\" height=\"534\" src=\"https:\/\/www.iepp.es\/it\/wp-content\/uploads\/paura-che-blocca-950x534.png\" alt=\"\" class=\"wp-image-1494\" srcset=\"https:\/\/www.iepp.es\/it\/wp-content\/uploads\/paura-che-blocca-950x534.png 950w, https:\/\/www.iepp.es\/it\/wp-content\/uploads\/paura-che-blocca-665x374.png 665w, https:\/\/www.iepp.es\/it\/wp-content\/uploads\/paura-che-blocca-768x432.png 768w, https:\/\/www.iepp.es\/it\/wp-content\/uploads\/paura-che-blocca-1536x864.png 1536w, https:\/\/www.iepp.es\/it\/wp-content\/uploads\/paura-che-blocca.png 1920w\" sizes=\"auto, (max-width: 950px) 100vw, 950px\" \/><\/figure>\n\n\n\n<h2 class=\"wp-block-heading\">Come affrontare e superare la paura di non farcela\u00a0<\/h2>\n\n\n\n<p>Affrontare la paura del fallimento pu\u00f2 sembrare un compito arduo, ma esistono diverse strategie che possono aiutare a ridurre questa paura. Una strategia efficace \u00e8 la pianificazione in anticipo. Quando si deve affrontare una sfida che potrebbe scatenare la paura del fallimento, \u00e8 utile sviluppare piani alternativi nel caso in cui gli sforzi iniziali non vadano come previsto. Avere un piano B o un piano C pu\u00f2 aiutare a sentirsi meno ansiosi e pi\u00f9 sicuri.<\/p>\n\n\n\n<p>Ridefinire il fallimento pu\u00f2 anche aiutare a ridurre i sentimenti di paura. Il fallimento fa parte della vita e pu\u00f2 essere un'importante opportunit\u00e0 per imparare e acquisire nuove competenze. Pu\u00f2 essere deludente, ma \u00e8 importante mantenere una prospettiva sana sui potenziali benefici del fallimento di tanto in tanto.&nbsp;<\/p>\n\n\n\n<p>Spesso il successo si raggiunge attraverso una serie di fallimenti progressivi che portano a nuove informazioni, abilit\u00e0 e strategie.<\/p>\n\n\n\n<p>Il fallimento \u00e8 solo un passo verso il successo. Con l'adozione di un approccio positivo, possiamo affrontare la paura del fallimento e trasformarla in un'opportunit\u00e0 per crescere e imparare.<\/p>\n","protected":false},"excerpt":{"rendered":"<p>La paura \u00e8 un\u2019emozione potente, una forza che pu\u00f2 paralizzare come pu\u00f2 spingere all\u2019azione. Nel contesto del raggiungimento degli obiettivi personali e professionali, la paura di non farcela pu\u00f2 essere un ostacolo insidioso.&nbsp; Una persona affetta dalla paura di non farcela pu\u00f2 nutrire timore di provare cose nuove, di correre rischi o di abbracciare la <a class=\"read-more\" href=\"https:\/\/www.iepp.es\/it\/paura-di-non-farcela\/\">Read More &raquo;<\/a><\/p>\n","protected":false},"author":1,"featured_media":1492,"comment_status":"closed","ping_status":"closed","sticky":false,"template":"","format":"standard","meta":{"footnotes":""},"categories":[11],"tags":[],"class_list":["post-1491","post","type-post","status-publish","format-standard","has-post-thumbnail","hentry","category-autostima"],"yoast_head":"<!-- This site is optimized with the Yoast SEO plugin v27.5 - https:\/\/yoast.com\/product\/yoast-seo-wordpress\/ -->\n<title>La paura di non farcela - IEPP<\/title>\n<meta name=\"description\" content=\"La \u2018paura di non farcela\u2019 \u00e8 un sentimento comune ma paralizzante. Esaminiamo insieme cause, sintomi e strategie efficaci\" \/>\n<meta name=\"robots\" content=\"index, follow, max-snippet:-1, max-image-preview:large, max-video-preview:-1\" \/>\n<link rel=\"canonical\" href=\"https:\/\/www.iepp.es\/it\/paura-di-non-farcela\/\" \/>\n<meta property=\"og:locale\" content=\"es_ES\" \/>\n<meta property=\"og:type\" content=\"article\" \/>\n<meta property=\"og:title\" content=\"La paura di non farcela - IEPP\" \/>\n<meta property=\"og:description\" content=\"La \u2018paura di non farcela\u2019 \u00e8 un sentimento comune ma paralizzante. Esaminiamo insieme cause, sintomi e strategie efficaci\" \/>\n<meta property=\"og:url\" content=\"https:\/\/www.iepp.es\/it\/paura-di-non-farcela\/\" \/>\n<meta property=\"og:site_name\" content=\"Instituto Europeo de Psicolog\u00eda Positiva\" \/>\n<meta property=\"article:published_time\" content=\"2024-05-09T08:00:30+00:00\" \/>\n<meta property=\"og:image\" content=\"https:\/\/www.iepp.es\/it\/wp-content\/uploads\/paura-di-non-farcela.png\" \/>\n\t<meta property=\"og:image:width\" content=\"1920\" \/>\n\t<meta property=\"og:image:height\" content=\"1080\" \/>\n\t<meta property=\"og:image:type\" content=\"image\/png\" \/>\n<meta name=\"author\" content=\"ieppnew2\" \/>\n<meta name=\"twitter:card\" content=\"summary_large_image\" \/>\n<meta name=\"twitter:label1\" content=\"Escrito por\" \/>\n\t<meta name=\"twitter:data1\" content=\"ieppnew2\" \/>\n\t<meta name=\"twitter:label2\" content=\"Tiempo de lectura\" \/>\n\t<meta name=\"twitter:data2\" content=\"4 minutos\" \/>\n<script type=\"application\/ld+json\" class=\"yoast-schema-graph\">{\"@context\":\"https:\\\/\\\/schema.org\",\"@graph\":[{\"@type\":\"Article\",\"@id\":\"https:\\\/\\\/www.iepp.es\\\/it\\\/paura-di-non-farcela\\\/#article\",\"isPartOf\":{\"@id\":\"https:\\\/\\\/www.iepp.es\\\/it\\\/paura-di-non-farcela\\\/\"},\"author\":{\"name\":\"ieppnew2\",\"@id\":\"https:\\\/\\\/www.iepp.es\\\/it\\\/#\\\/schema\\\/person\\\/bf2ea672c48f0300a074ca007fcd1375\"},\"headline\":\"La paura di non farcela\",\"datePublished\":\"2024-05-09T08:00:30+00:00\",\"mainEntityOfPage\":{\"@id\":\"https:\\\/\\\/www.iepp.es\\\/it\\\/paura-di-non-farcela\\\/\"},\"wordCount\":630,\"image\":{\"@id\":\"https:\\\/\\\/www.iepp.es\\\/it\\\/paura-di-non-farcela\\\/#primaryimage\"},\"thumbnailUrl\":\"https:\\\/\\\/www.iepp.es\\\/it\\\/wp-content\\\/uploads\\\/paura-di-non-farcela.png\",\"articleSection\":[\"Autostima\"],\"inLanguage\":\"es\"},{\"@type\":\"WebPage\",\"@id\":\"https:\\\/\\\/www.iepp.es\\\/it\\\/paura-di-non-farcela\\\/\",\"url\":\"https:\\\/\\\/www.iepp.es\\\/it\\\/paura-di-non-farcela\\\/\",\"name\":\"La paura di non farcela - IEPP\",\"isPartOf\":{\"@id\":\"https:\\\/\\\/www.iepp.es\\\/it\\\/#website\"},\"primaryImageOfPage\":{\"@id\":\"https:\\\/\\\/www.iepp.es\\\/it\\\/paura-di-non-farcela\\\/#primaryimage\"},\"image\":{\"@id\":\"https:\\\/\\\/www.iepp.es\\\/it\\\/paura-di-non-farcela\\\/#primaryimage\"},\"thumbnailUrl\":\"https:\\\/\\\/www.iepp.es\\\/it\\\/wp-content\\\/uploads\\\/paura-di-non-farcela.png\",\"datePublished\":\"2024-05-09T08:00:30+00:00\",\"author\":{\"@id\":\"https:\\\/\\\/www.iepp.es\\\/it\\\/#\\\/schema\\\/person\\\/bf2ea672c48f0300a074ca007fcd1375\"},\"description\":\"La \u2018paura di non farcela\u2019 \u00e8 un sentimento comune ma paralizzante. Esaminiamo insieme cause, sintomi e strategie efficaci\",\"breadcrumb\":{\"@id\":\"https:\\\/\\\/www.iepp.es\\\/it\\\/paura-di-non-farcela\\\/#breadcrumb\"},\"inLanguage\":\"es\",\"potentialAction\":[{\"@type\":\"ReadAction\",\"target\":[\"https:\\\/\\\/www.iepp.es\\\/it\\\/paura-di-non-farcela\\\/\"]}]},{\"@type\":\"ImageObject\",\"inLanguage\":\"es\",\"@id\":\"https:\\\/\\\/www.iepp.es\\\/it\\\/paura-di-non-farcela\\\/#primaryimage\",\"url\":\"https:\\\/\\\/www.iepp.es\\\/it\\\/wp-content\\\/uploads\\\/paura-di-non-farcela.png\",\"contentUrl\":\"https:\\\/\\\/www.iepp.es\\\/it\\\/wp-content\\\/uploads\\\/paura-di-non-farcela.png\",\"width\":1920,\"height\":1080,\"caption\":\"paura di non farcela\"},{\"@type\":\"BreadcrumbList\",\"@id\":\"https:\\\/\\\/www.iepp.es\\\/it\\\/paura-di-non-farcela\\\/#breadcrumb\",\"itemListElement\":[{\"@type\":\"ListItem\",\"position\":1,\"name\":\"Portada\",\"item\":\"https:\\\/\\\/www.iepp.es\\\/it\\\/\"},{\"@type\":\"ListItem\",\"position\":2,\"name\":\"La paura di non farcela\"}]},{\"@type\":\"WebSite\",\"@id\":\"https:\\\/\\\/www.iepp.es\\\/it\\\/#website\",\"url\":\"https:\\\/\\\/www.iepp.es\\\/it\\\/\",\"name\":\"Instituto Europeo de Psicolog\u00eda Positiva\",\"description\":\"Dal 2010 siamo stati pionieri nell&#039;uso di tecniche di Psicologia Positiva in tutti i nostri centri, dove aiutiamo ogni giorno pi\u00f9 persone e organizzazioni.\",\"potentialAction\":[{\"@type\":\"SearchAction\",\"target\":{\"@type\":\"EntryPoint\",\"urlTemplate\":\"https:\\\/\\\/www.iepp.es\\\/it\\\/?s={search_term_string}\"},\"query-input\":{\"@type\":\"PropertyValueSpecification\",\"valueRequired\":true,\"valueName\":\"search_term_string\"}}],\"inLanguage\":\"es\"},{\"@type\":\"Person\",\"@id\":\"https:\\\/\\\/www.iepp.es\\\/it\\\/#\\\/schema\\\/person\\\/bf2ea672c48f0300a074ca007fcd1375\",\"name\":\"ieppnew2\",\"image\":{\"@type\":\"ImageObject\",\"inLanguage\":\"es\",\"@id\":\"https:\\\/\\\/secure.gravatar.com\\\/avatar\\\/38be0ef170af8c27f8fd62caba92a3dba93ddbeea4453b5a584e5c3e898a522d?s=96&d=mm&r=g\",\"url\":\"https:\\\/\\\/secure.gravatar.com\\\/avatar\\\/38be0ef170af8c27f8fd62caba92a3dba93ddbeea4453b5a584e5c3e898a522d?s=96&d=mm&r=g\",\"contentUrl\":\"https:\\\/\\\/secure.gravatar.com\\\/avatar\\\/38be0ef170af8c27f8fd62caba92a3dba93ddbeea4453b5a584e5c3e898a522d?s=96&d=mm&r=g\",\"caption\":\"ieppnew2\"}}]}<\/script>\n<!-- \/ Yoast SEO plugin. -->","yoast_head_json":{"title":"La paura di non farcela - IEPP","description":"La \u2018paura di non farcela\u2019 \u00e8 un sentimento comune ma paralizzante. Esaminiamo insieme cause, sintomi e strategie efficaci","robots":{"index":"index","follow":"follow","max-snippet":"max-snippet:-1","max-image-preview":"max-image-preview:large","max-video-preview":"max-video-preview:-1"},"canonical":"https:\/\/www.iepp.es\/it\/paura-di-non-farcela\/","og_locale":"es_ES","og_type":"article","og_title":"La paura di non farcela - IEPP","og_description":"La \u2018paura di non farcela\u2019 \u00e8 un sentimento comune ma paralizzante. Esaminiamo insieme cause, sintomi e strategie efficaci","og_url":"https:\/\/www.iepp.es\/it\/paura-di-non-farcela\/","og_site_name":"Instituto Europeo de Psicolog\u00eda Positiva","article_published_time":"2024-05-09T08:00:30+00:00","og_image":[{"width":1920,"height":1080,"url":"https:\/\/www.iepp.es\/it\/wp-content\/uploads\/paura-di-non-farcela.png","type":"image\/png"}],"author":"ieppnew2","twitter_card":"summary_large_image","twitter_misc":{"Escrito por":"ieppnew2","Tiempo de lectura":"4 minutos"},"schema":{"@context":"https:\/\/schema.org","@graph":[{"@type":"Article","@id":"https:\/\/www.iepp.es\/it\/paura-di-non-farcela\/#article","isPartOf":{"@id":"https:\/\/www.iepp.es\/it\/paura-di-non-farcela\/"},"author":{"name":"ieppnew2","@id":"https:\/\/www.iepp.es\/it\/#\/schema\/person\/bf2ea672c48f0300a074ca007fcd1375"},"headline":"La paura di non farcela","datePublished":"2024-05-09T08:00:30+00:00","mainEntityOfPage":{"@id":"https:\/\/www.iepp.es\/it\/paura-di-non-farcela\/"},"wordCount":630,"image":{"@id":"https:\/\/www.iepp.es\/it\/paura-di-non-farcela\/#primaryimage"},"thumbnailUrl":"https:\/\/www.iepp.es\/it\/wp-content\/uploads\/paura-di-non-farcela.png","articleSection":["Autostima"],"inLanguage":"es"},{"@type":"WebPage","@id":"https:\/\/www.iepp.es\/it\/paura-di-non-farcela\/","url":"https:\/\/www.iepp.es\/it\/paura-di-non-farcela\/","name":"La paura di non farcela - IEPP","isPartOf":{"@id":"https:\/\/www.iepp.es\/it\/#website"},"primaryImageOfPage":{"@id":"https:\/\/www.iepp.es\/it\/paura-di-non-farcela\/#primaryimage"},"image":{"@id":"https:\/\/www.iepp.es\/it\/paura-di-non-farcela\/#primaryimage"},"thumbnailUrl":"https:\/\/www.iepp.es\/it\/wp-content\/uploads\/paura-di-non-farcela.png","datePublished":"2024-05-09T08:00:30+00:00","author":{"@id":"https:\/\/www.iepp.es\/it\/#\/schema\/person\/bf2ea672c48f0300a074ca007fcd1375"},"description":"La \u2018paura di non farcela\u2019 \u00e8 un sentimento comune ma paralizzante. Esaminiamo insieme cause, sintomi e strategie efficaci","breadcrumb":{"@id":"https:\/\/www.iepp.es\/it\/paura-di-non-farcela\/#breadcrumb"},"inLanguage":"es","potentialAction":[{"@type":"ReadAction","target":["https:\/\/www.iepp.es\/it\/paura-di-non-farcela\/"]}]},{"@type":"ImageObject","inLanguage":"es","@id":"https:\/\/www.iepp.es\/it\/paura-di-non-farcela\/#primaryimage","url":"https:\/\/www.iepp.es\/it\/wp-content\/uploads\/paura-di-non-farcela.png","contentUrl":"https:\/\/www.iepp.es\/it\/wp-content\/uploads\/paura-di-non-farcela.png","width":1920,"height":1080,"caption":"paura di non farcela"},{"@type":"BreadcrumbList","@id":"https:\/\/www.iepp.es\/it\/paura-di-non-farcela\/#breadcrumb","itemListElement":[{"@type":"ListItem","position":1,"name":"Portada","item":"https:\/\/www.iepp.es\/it\/"},{"@type":"ListItem","position":2,"name":"La paura di non farcela"}]},{"@type":"WebSite","@id":"https:\/\/www.iepp.es\/it\/#website","url":"https:\/\/www.iepp.es\/it\/","name":"Instituto Europeo de Psicolog\u00eda Positiva","description":"Dal 2010 siamo stati pionieri nell&#039;uso di tecniche di Psicologia Positiva in tutti i nostri centri, dove aiutiamo ogni giorno pi\u00f9 persone e organizzazioni.","potentialAction":[{"@type":"SearchAction","target":{"@type":"EntryPoint","urlTemplate":"https:\/\/www.iepp.es\/it\/?s={search_term_string}"},"query-input":{"@type":"PropertyValueSpecification","valueRequired":true,"valueName":"search_term_string"}}],"inLanguage":"es"},{"@type":"Person","@id":"https:\/\/www.iepp.es\/it\/#\/schema\/person\/bf2ea672c48f0300a074ca007fcd1375","name":"ieppnew2","image":{"@type":"ImageObject","inLanguage":"es","@id":"https:\/\/secure.gravatar.com\/avatar\/38be0ef170af8c27f8fd62caba92a3dba93ddbeea4453b5a584e5c3e898a522d?s=96&d=mm&r=g","url":"https:\/\/secure.gravatar.com\/avatar\/38be0ef170af8c27f8fd62caba92a3dba93ddbeea4453b5a584e5c3e898a522d?s=96&d=mm&r=g","contentUrl":"https:\/\/secure.gravatar.com\/avatar\/38be0ef170af8c27f8fd62caba92a3dba93ddbeea4453b5a584e5c3e898a522d?s=96&d=mm&r=g","caption":"ieppnew2"}}]}},"_links":{"self":[{"href":"https:\/\/www.iepp.es\/it\/wp-json\/wp\/v2\/posts\/1491","targetHints":{"allow":["GET"]}}],"collection":[{"href":"https:\/\/www.iepp.es\/it\/wp-json\/wp\/v2\/posts"}],"about":[{"href":"https:\/\/www.iepp.es\/it\/wp-json\/wp\/v2\/types\/post"}],"author":[{"embeddable":true,"href":"https:\/\/www.iepp.es\/it\/wp-json\/wp\/v2\/users\/1"}],"replies":[{"embeddable":true,"href":"https:\/\/www.iepp.es\/it\/wp-json\/wp\/v2\/comments?post=1491"}],"version-history":[{"count":1,"href":"https:\/\/www.iepp.es\/it\/wp-json\/wp\/v2\/posts\/1491\/revisions"}],"predecessor-version":[{"id":1495,"href":"https:\/\/www.iepp.es\/it\/wp-json\/wp\/v2\/posts\/1491\/revisions\/1495"}],"wp:featuredmedia":[{"embeddable":true,"href":"https:\/\/www.iepp.es\/it\/wp-json\/wp\/v2\/media\/1492"}],"wp:attachment":[{"href":"https:\/\/www.iepp.es\/it\/wp-json\/wp\/v2\/media?parent=1491"}],"wp:term":[{"taxonomy":"category","embeddable":true,"href":"https:\/\/www.iepp.es\/it\/wp-json\/wp\/v2\/categories?post=1491"},{"taxonomy":"post_tag","embeddable":true,"href":"https:\/\/www.iepp.es\/it\/wp-json\/wp\/v2\/tags?post=1491"}],"curies":[{"name":"wp","href":"https:\/\/api.w.org\/{rel}","templated":true}]}}