{"id":1590,"date":"2024-08-21T10:30:00","date_gmt":"2024-08-21T08:30:00","guid":{"rendered":"https:\/\/www.iepp.es\/it\/?p=1590"},"modified":"2024-07-29T09:46:55","modified_gmt":"2024-07-29T07:46:55","slug":"prova-costume","status":"publish","type":"post","link":"https:\/\/www.iepp.es\/it\/prova-costume\/","title":{"rendered":"Ansia della prova costume: perch\u00e8 l'abbiamo e come affrontarla"},"content":{"rendered":"\n<p>Con l'avvento dei media e della pubblicit\u00e0, l'immagine femminile \u00e8 spesso rappresentata come snella e slanciata, creando un ideale di bellezza irraggiungibile. Questo fenomeno ha incrementato l'ansia della prova costume tra molte donne, che temono di esporre il proprio corpo al giudizio altrui.&nbsp;<\/p>\n\n\n\n<p>Fin dalla sua creazione nel 1946, il bikini ha segnato una rivoluzione culturale e sociale, passando da capo scandaloso a simbolo di libert\u00e0 ed emancipazione femminile. Tuttavia, la pressione dei modelli irrealistici di bellezza continua a pesare.<\/p>\n\n\n\n<figure class=\"wp-block-image size-large\"><img loading=\"lazy\" decoding=\"async\" width=\"950\" height=\"534\" src=\"https:\/\/www.iepp.es\/it\/wp-content\/uploads\/costume-da-bagno-1-950x534.jpg\" alt=\"\" class=\"wp-image-1594\" srcset=\"https:\/\/www.iepp.es\/it\/wp-content\/uploads\/costume-da-bagno-1-950x534.jpg 950w, https:\/\/www.iepp.es\/it\/wp-content\/uploads\/costume-da-bagno-1-665x374.jpg 665w, https:\/\/www.iepp.es\/it\/wp-content\/uploads\/costume-da-bagno-1-768x432.jpg 768w, https:\/\/www.iepp.es\/it\/wp-content\/uploads\/costume-da-bagno-1-1536x864.jpg 1536w, https:\/\/www.iepp.es\/it\/wp-content\/uploads\/costume-da-bagno-1.jpg 1920w\" sizes=\"auto, (max-width: 950px) 100vw, 950px\" \/><\/figure>\n\n\n\n<h2 class=\"wp-block-heading\">Il Bikini: Simbolo di autoaffermazione e amore proprio<\/h2>\n\n\n\n<p>Sin dal suo debutto, il bikini ha scosso le norme sociali, tanto che in passato \u00e8 stato vietato in alcuni paesi come Italia, Spagna e Portogallo. Con il tempo, per\u00f2, \u00e8 diventato un simbolo di emancipazione, in gran parte grazie a icone come Brigitte Bardot negli anni '50 e '60. Negli anni '70 e '80, il bikini si \u00e8 consolidato nel panorama della moda, riflettendo i cambiamenti socioculturali dell'epoca.<\/p>\n\n\n\n<p>Negli anni '90 e 2000, le supermodelle e le campagne pubblicitarie lo hanno trasformato in un segno di sensualit\u00e0 e glamour. Questa evoluzione ha portato anche a standard di bellezza spesso irraggiungibili, alimentando la cosiddetta \u201csindrome da bikini\u201d. Questo fenomeno pu\u00f2 causare ansia e insicurezza, incidendo negativamente sull'autostima e sul benessere psicologico.<\/p>\n\n\n\n<p>Nonostante le pressioni esterne, il bikini rimane un potente strumento di autoaffermazione. Indossarlo significa celebrare la propria unicit\u00e0 e sfidare le convenzioni, accogliendo la propria identit\u00e0 corporea con orgoglio. La vera forza del bikini sta nella sua capacit\u00e0 di promuovere un messaggio di inclusivit\u00e0, affermando che ogni corpo, indipendentemente dalla forma o dalla dimensione, merita di essere apprezzato. Tuttavia, non tutte le donne si sentono a proprio agio nel bikini, dimostrando che la lotta per l'accettazione e la libert\u00e0 continua.<\/p>\n\n\n\n<figure class=\"wp-block-image size-large\"><img loading=\"lazy\" decoding=\"async\" width=\"950\" height=\"534\" src=\"https:\/\/www.iepp.es\/it\/wp-content\/uploads\/dismorfofobia-1-950x534.jpg\" alt=\"\" class=\"wp-image-1595\" srcset=\"https:\/\/www.iepp.es\/it\/wp-content\/uploads\/dismorfofobia-1-950x534.jpg 950w, https:\/\/www.iepp.es\/it\/wp-content\/uploads\/dismorfofobia-1-665x374.jpg 665w, https:\/\/www.iepp.es\/it\/wp-content\/uploads\/dismorfofobia-1-768x432.jpg 768w, https:\/\/www.iepp.es\/it\/wp-content\/uploads\/dismorfofobia-1-1536x864.jpg 1536w, https:\/\/www.iepp.es\/it\/wp-content\/uploads\/dismorfofobia-1.jpg 1920w\" sizes=\"auto, (max-width: 950px) 100vw, 950px\" \/><\/figure>\n\n\n\n<h2 class=\"wp-block-heading\">Sindrome da Bikini: Cosa si intende e come superarla<\/h2>\n\n\n\n<p>Con l'arrivo dell'estate, molte donne, e spesso anche ragazze molto giovani, si trovano ad affrontare l'ansia della prova costume. La prospettiva di andare al mare e di mostrare il proprio corpo in bikini pu\u00f2 diventare una fonte di stress, dovuta al timore di essere giudicate negativamente. Questo fenomeno porta molte donne a intraprendere diete drastiche e malsane nella speranza di ottenere un dimagrimento rapido.<\/p>\n\n\n\n<p>Questi comportamenti non solo compromettono il benessere fisico, ma possono avere gravi conseguenze psicologiche. La \"sindrome da bikini\", come definita dalla psicologa australiana Marika Tiggemann, descrive l'ansia legata all'immagine corporea che si intensifica con l'arrivo del caldo e si attenua durante il resto dell'anno. Questo disagio porta molte donne a seguire regimi alimentari estremi e allenamenti eccessivi, ignorando i rischi associati, come disturbi metabolici e problemi del sonno.&nbsp;<\/p>\n\n\n\n<p>Questa pressione costante pu\u00f2 portare a una percezione distorta del proprio corpo, fenomeno noto come <a href=\"https:\/\/it.wikipedia.org\/wiki\/Disturbo_da_dismorfismo_corporeo\">dismorfofobia<\/a>. La dismorfofobia \u00e8 una fobia caratterizzata da un'eccessiva preoccupazione per l'aspetto esteriore, con un'attenzione ossessiva a difetti spesso inesistenti o insignificanti. Questo disturbo pu\u00f2 condurre a comportamenti estremi, spesso legati a disturbi alimentari come anoressia e bulimia nervosa.<\/p>\n\n\n\n<p>La dismorfofobia causa un forte stress emotivo e una bassa <a href=\"https:\/\/www.iepp.es\/it\/autostima-cose-e-10-tecniche-per-migliorarla\/\">autostima<\/a>, portando chi ne soffre a vedere il proprio corpo pieno di difetti. Questo disturbo, considerato una vera e propria malattia psichiatrica, pu\u00f2 anche manifestarsi in forme diverse tra uomini e donne, come l'ossessione per la muscolatura negli uomini, nota come dismorfismo muscolare.<\/p>\n\n\n\n<p>Affrontare la sindrome da bikini richiede un approccio positivo e inclusivo. \u00c8 fondamentale sottolineare che ogni corpo \u00e8 unico e merita di essere celebrato. Promuovere l'accettazione di s\u00e9 e sfidare gli standard di bellezza irrealistici pu\u00f2 aiutare a superare l'ansia legata alla prova costume, permettendo a ciascuno di vivere l'estate con serenit\u00e0 e fiducia.<\/p>\n\n\n\n<figure class=\"wp-block-image size-large\"><img loading=\"lazy\" decoding=\"async\" width=\"950\" height=\"534\" src=\"https:\/\/www.iepp.es\/it\/wp-content\/uploads\/Paura-prova-costume-950x534.jpg\" alt=\"\" class=\"wp-image-1596\" srcset=\"https:\/\/www.iepp.es\/it\/wp-content\/uploads\/Paura-prova-costume-950x534.jpg 950w, https:\/\/www.iepp.es\/it\/wp-content\/uploads\/Paura-prova-costume-665x374.jpg 665w, https:\/\/www.iepp.es\/it\/wp-content\/uploads\/Paura-prova-costume-768x432.jpg 768w, https:\/\/www.iepp.es\/it\/wp-content\/uploads\/Paura-prova-costume-1536x864.jpg 1536w, https:\/\/www.iepp.es\/it\/wp-content\/uploads\/Paura-prova-costume.jpg 1920w\" sizes=\"auto, (max-width: 950px) 100vw, 950px\" \/><\/figure>\n\n\n\n<h2 class=\"wp-block-heading\">Mindfulness e psicologia aiutano a combattere queste paure?<\/h2>\n\n\n\n<p>La mindfulness e la psicologia positiva offrono approcci efficaci per affrontare l'ansia della prova costume. La mindfulness aiuta a ridurre l'autocritica e promuove l'accettazione di s\u00e9, mentre la psicologia positiva rafforza l'autostima focalizzandosi sui punti di forza personali.&nbsp;<\/p>\n\n\n\n<p>Ogni corpo \u00e8 unico e merita rispetto, indipendentemente dai canoni imposti dai media. Integrando la mindfulness e la psicologia positiva nella propria vita, \u00e8 possibile sviluppare una visione pi\u00f9 equilibrata e compassionevole di s\u00e9 stessi, contribuendo a un'estate vissuta con serenit\u00e0 e fiducia.<\/p>\n","protected":false},"excerpt":{"rendered":"<p>Con l'avvento dei media e della pubblicit\u00e0, l'immagine femminile \u00e8 spesso rappresentata come snella e slanciata, creando un ideale di bellezza irraggiungibile. Questo fenomeno ha incrementato l'ansia della prova costume tra molte donne, che temono di esporre il proprio corpo al giudizio altrui.&nbsp; Fin dalla sua creazione nel 1946, il bikini ha segnato una rivoluzione <a class=\"read-more\" href=\"https:\/\/www.iepp.es\/it\/prova-costume\/\">Read More &raquo;<\/a><\/p>\n","protected":false},"author":1,"featured_media":1591,"comment_status":"closed","ping_status":"closed","sticky":false,"template":"","format":"standard","meta":{"footnotes":""},"categories":[11],"tags":[],"class_list":["post-1590","post","type-post","status-publish","format-standard","has-post-thumbnail","hentry","category-autostima"],"yoast_head":"<!-- This site is optimized with the Yoast SEO plugin v27.5 - https:\/\/yoast.com\/product\/yoast-seo-wordpress\/ -->\n<title>Ansia della prova costume: perch\u00e8 l&#039;abbiamo e come affrontarla - IEPP<\/title>\n<meta name=\"description\" content=\"Ansia della prova costume: perch\u00e8 l&#039;abbiamo e come affrontarla? Scopriamolo insieme in questo articolo, tra storia e psicologia.\" \/>\n<meta name=\"robots\" content=\"index, follow, max-snippet:-1, max-image-preview:large, max-video-preview:-1\" \/>\n<link rel=\"canonical\" href=\"https:\/\/www.iepp.es\/it\/prova-costume\/\" \/>\n<meta property=\"og:locale\" content=\"es_ES\" \/>\n<meta property=\"og:type\" content=\"article\" \/>\n<meta property=\"og:title\" content=\"Ansia della prova costume: perch\u00e8 l&#039;abbiamo e come affrontarla - IEPP\" \/>\n<meta property=\"og:description\" content=\"Ansia della prova costume: perch\u00e8 l&#039;abbiamo e come affrontarla? Scopriamolo insieme in questo articolo, tra storia e psicologia.\" \/>\n<meta property=\"og:url\" content=\"https:\/\/www.iepp.es\/it\/prova-costume\/\" \/>\n<meta property=\"og:site_name\" content=\"Instituto Europeo de Psicolog\u00eda Positiva\" \/>\n<meta property=\"article:published_time\" content=\"2024-08-21T08:30:00+00:00\" \/>\n<meta property=\"og:image\" content=\"https:\/\/www.iepp.es\/it\/wp-content\/uploads\/Prova-costume.jpg\" \/>\n\t<meta property=\"og:image:width\" content=\"1920\" \/>\n\t<meta property=\"og:image:height\" content=\"1080\" \/>\n\t<meta property=\"og:image:type\" content=\"image\/jpeg\" \/>\n<meta name=\"author\" content=\"ieppnew2\" \/>\n<meta name=\"twitter:card\" content=\"summary_large_image\" \/>\n<meta name=\"twitter:label1\" content=\"Escrito por\" \/>\n\t<meta name=\"twitter:data1\" content=\"ieppnew2\" \/>\n\t<meta name=\"twitter:label2\" content=\"Tiempo de lectura\" \/>\n\t<meta name=\"twitter:data2\" content=\"4 minutos\" \/>\n<script type=\"application\/ld+json\" class=\"yoast-schema-graph\">{\"@context\":\"https:\\\/\\\/schema.org\",\"@graph\":[{\"@type\":\"Article\",\"@id\":\"https:\\\/\\\/www.iepp.es\\\/it\\\/prova-costume\\\/#article\",\"isPartOf\":{\"@id\":\"https:\\\/\\\/www.iepp.es\\\/it\\\/prova-costume\\\/\"},\"author\":{\"name\":\"ieppnew2\",\"@id\":\"https:\\\/\\\/www.iepp.es\\\/it\\\/#\\\/schema\\\/person\\\/bf2ea672c48f0300a074ca007fcd1375\"},\"headline\":\"Ansia della prova costume: perch\u00e8 l'abbiamo e come affrontarla\",\"datePublished\":\"2024-08-21T08:30:00+00:00\",\"mainEntityOfPage\":{\"@id\":\"https:\\\/\\\/www.iepp.es\\\/it\\\/prova-costume\\\/\"},\"wordCount\":702,\"image\":{\"@id\":\"https:\\\/\\\/www.iepp.es\\\/it\\\/prova-costume\\\/#primaryimage\"},\"thumbnailUrl\":\"https:\\\/\\\/www.iepp.es\\\/it\\\/wp-content\\\/uploads\\\/Prova-costume.jpg\",\"articleSection\":[\"Autostima\"],\"inLanguage\":\"es\"},{\"@type\":\"WebPage\",\"@id\":\"https:\\\/\\\/www.iepp.es\\\/it\\\/prova-costume\\\/\",\"url\":\"https:\\\/\\\/www.iepp.es\\\/it\\\/prova-costume\\\/\",\"name\":\"Ansia della prova costume: perch\u00e8 l'abbiamo e come affrontarla - IEPP\",\"isPartOf\":{\"@id\":\"https:\\\/\\\/www.iepp.es\\\/it\\\/#website\"},\"primaryImageOfPage\":{\"@id\":\"https:\\\/\\\/www.iepp.es\\\/it\\\/prova-costume\\\/#primaryimage\"},\"image\":{\"@id\":\"https:\\\/\\\/www.iepp.es\\\/it\\\/prova-costume\\\/#primaryimage\"},\"thumbnailUrl\":\"https:\\\/\\\/www.iepp.es\\\/it\\\/wp-content\\\/uploads\\\/Prova-costume.jpg\",\"datePublished\":\"2024-08-21T08:30:00+00:00\",\"author\":{\"@id\":\"https:\\\/\\\/www.iepp.es\\\/it\\\/#\\\/schema\\\/person\\\/bf2ea672c48f0300a074ca007fcd1375\"},\"description\":\"Ansia della prova costume: perch\u00e8 l'abbiamo e come affrontarla? Scopriamolo insieme in questo articolo, tra storia e psicologia.\",\"breadcrumb\":{\"@id\":\"https:\\\/\\\/www.iepp.es\\\/it\\\/prova-costume\\\/#breadcrumb\"},\"inLanguage\":\"es\",\"potentialAction\":[{\"@type\":\"ReadAction\",\"target\":[\"https:\\\/\\\/www.iepp.es\\\/it\\\/prova-costume\\\/\"]}]},{\"@type\":\"ImageObject\",\"inLanguage\":\"es\",\"@id\":\"https:\\\/\\\/www.iepp.es\\\/it\\\/prova-costume\\\/#primaryimage\",\"url\":\"https:\\\/\\\/www.iepp.es\\\/it\\\/wp-content\\\/uploads\\\/Prova-costume.jpg\",\"contentUrl\":\"https:\\\/\\\/www.iepp.es\\\/it\\\/wp-content\\\/uploads\\\/Prova-costume.jpg\",\"width\":1920,\"height\":1080,\"caption\":\"ansia prova costume\"},{\"@type\":\"BreadcrumbList\",\"@id\":\"https:\\\/\\\/www.iepp.es\\\/it\\\/prova-costume\\\/#breadcrumb\",\"itemListElement\":[{\"@type\":\"ListItem\",\"position\":1,\"name\":\"Portada\",\"item\":\"https:\\\/\\\/www.iepp.es\\\/it\\\/\"},{\"@type\":\"ListItem\",\"position\":2,\"name\":\"Ansia della prova costume: perch\u00e8 l'abbiamo e come affrontarla\"}]},{\"@type\":\"WebSite\",\"@id\":\"https:\\\/\\\/www.iepp.es\\\/it\\\/#website\",\"url\":\"https:\\\/\\\/www.iepp.es\\\/it\\\/\",\"name\":\"Instituto Europeo de Psicolog\u00eda Positiva\",\"description\":\"Dal 2010 siamo stati pionieri nell&#039;uso di tecniche di Psicologia Positiva in tutti i nostri centri, dove aiutiamo ogni giorno pi\u00f9 persone e organizzazioni.\",\"potentialAction\":[{\"@type\":\"SearchAction\",\"target\":{\"@type\":\"EntryPoint\",\"urlTemplate\":\"https:\\\/\\\/www.iepp.es\\\/it\\\/?s={search_term_string}\"},\"query-input\":{\"@type\":\"PropertyValueSpecification\",\"valueRequired\":true,\"valueName\":\"search_term_string\"}}],\"inLanguage\":\"es\"},{\"@type\":\"Person\",\"@id\":\"https:\\\/\\\/www.iepp.es\\\/it\\\/#\\\/schema\\\/person\\\/bf2ea672c48f0300a074ca007fcd1375\",\"name\":\"ieppnew2\",\"image\":{\"@type\":\"ImageObject\",\"inLanguage\":\"es\",\"@id\":\"https:\\\/\\\/secure.gravatar.com\\\/avatar\\\/38be0ef170af8c27f8fd62caba92a3dba93ddbeea4453b5a584e5c3e898a522d?s=96&d=mm&r=g\",\"url\":\"https:\\\/\\\/secure.gravatar.com\\\/avatar\\\/38be0ef170af8c27f8fd62caba92a3dba93ddbeea4453b5a584e5c3e898a522d?s=96&d=mm&r=g\",\"contentUrl\":\"https:\\\/\\\/secure.gravatar.com\\\/avatar\\\/38be0ef170af8c27f8fd62caba92a3dba93ddbeea4453b5a584e5c3e898a522d?s=96&d=mm&r=g\",\"caption\":\"ieppnew2\"}}]}<\/script>\n<!-- \/ Yoast SEO plugin. -->","yoast_head_json":{"title":"Ansia della prova costume: perch\u00e8 l'abbiamo e come affrontarla - IEPP","description":"Ansia della prova costume: perch\u00e8 l'abbiamo e come affrontarla? Scopriamolo insieme in questo articolo, tra storia e psicologia.","robots":{"index":"index","follow":"follow","max-snippet":"max-snippet:-1","max-image-preview":"max-image-preview:large","max-video-preview":"max-video-preview:-1"},"canonical":"https:\/\/www.iepp.es\/it\/prova-costume\/","og_locale":"es_ES","og_type":"article","og_title":"Ansia della prova costume: perch\u00e8 l'abbiamo e come affrontarla - IEPP","og_description":"Ansia della prova costume: perch\u00e8 l'abbiamo e come affrontarla? Scopriamolo insieme in questo articolo, tra storia e psicologia.","og_url":"https:\/\/www.iepp.es\/it\/prova-costume\/","og_site_name":"Instituto Europeo de Psicolog\u00eda Positiva","article_published_time":"2024-08-21T08:30:00+00:00","og_image":[{"width":1920,"height":1080,"url":"https:\/\/www.iepp.es\/it\/wp-content\/uploads\/Prova-costume.jpg","type":"image\/jpeg"}],"author":"ieppnew2","twitter_card":"summary_large_image","twitter_misc":{"Escrito por":"ieppnew2","Tiempo de lectura":"4 minutos"},"schema":{"@context":"https:\/\/schema.org","@graph":[{"@type":"Article","@id":"https:\/\/www.iepp.es\/it\/prova-costume\/#article","isPartOf":{"@id":"https:\/\/www.iepp.es\/it\/prova-costume\/"},"author":{"name":"ieppnew2","@id":"https:\/\/www.iepp.es\/it\/#\/schema\/person\/bf2ea672c48f0300a074ca007fcd1375"},"headline":"Ansia della prova costume: perch\u00e8 l'abbiamo e come affrontarla","datePublished":"2024-08-21T08:30:00+00:00","mainEntityOfPage":{"@id":"https:\/\/www.iepp.es\/it\/prova-costume\/"},"wordCount":702,"image":{"@id":"https:\/\/www.iepp.es\/it\/prova-costume\/#primaryimage"},"thumbnailUrl":"https:\/\/www.iepp.es\/it\/wp-content\/uploads\/Prova-costume.jpg","articleSection":["Autostima"],"inLanguage":"es"},{"@type":"WebPage","@id":"https:\/\/www.iepp.es\/it\/prova-costume\/","url":"https:\/\/www.iepp.es\/it\/prova-costume\/","name":"Ansia della prova costume: perch\u00e8 l'abbiamo e come affrontarla - IEPP","isPartOf":{"@id":"https:\/\/www.iepp.es\/it\/#website"},"primaryImageOfPage":{"@id":"https:\/\/www.iepp.es\/it\/prova-costume\/#primaryimage"},"image":{"@id":"https:\/\/www.iepp.es\/it\/prova-costume\/#primaryimage"},"thumbnailUrl":"https:\/\/www.iepp.es\/it\/wp-content\/uploads\/Prova-costume.jpg","datePublished":"2024-08-21T08:30:00+00:00","author":{"@id":"https:\/\/www.iepp.es\/it\/#\/schema\/person\/bf2ea672c48f0300a074ca007fcd1375"},"description":"Ansia della prova costume: perch\u00e8 l'abbiamo e come affrontarla? Scopriamolo insieme in questo articolo, tra storia e psicologia.","breadcrumb":{"@id":"https:\/\/www.iepp.es\/it\/prova-costume\/#breadcrumb"},"inLanguage":"es","potentialAction":[{"@type":"ReadAction","target":["https:\/\/www.iepp.es\/it\/prova-costume\/"]}]},{"@type":"ImageObject","inLanguage":"es","@id":"https:\/\/www.iepp.es\/it\/prova-costume\/#primaryimage","url":"https:\/\/www.iepp.es\/it\/wp-content\/uploads\/Prova-costume.jpg","contentUrl":"https:\/\/www.iepp.es\/it\/wp-content\/uploads\/Prova-costume.jpg","width":1920,"height":1080,"caption":"ansia prova costume"},{"@type":"BreadcrumbList","@id":"https:\/\/www.iepp.es\/it\/prova-costume\/#breadcrumb","itemListElement":[{"@type":"ListItem","position":1,"name":"Portada","item":"https:\/\/www.iepp.es\/it\/"},{"@type":"ListItem","position":2,"name":"Ansia della prova costume: perch\u00e8 l'abbiamo e come affrontarla"}]},{"@type":"WebSite","@id":"https:\/\/www.iepp.es\/it\/#website","url":"https:\/\/www.iepp.es\/it\/","name":"Instituto Europeo de Psicolog\u00eda Positiva","description":"Dal 2010 siamo stati pionieri nell&#039;uso di tecniche di Psicologia Positiva in tutti i nostri centri, dove aiutiamo ogni giorno pi\u00f9 persone e organizzazioni.","potentialAction":[{"@type":"SearchAction","target":{"@type":"EntryPoint","urlTemplate":"https:\/\/www.iepp.es\/it\/?s={search_term_string}"},"query-input":{"@type":"PropertyValueSpecification","valueRequired":true,"valueName":"search_term_string"}}],"inLanguage":"es"},{"@type":"Person","@id":"https:\/\/www.iepp.es\/it\/#\/schema\/person\/bf2ea672c48f0300a074ca007fcd1375","name":"ieppnew2","image":{"@type":"ImageObject","inLanguage":"es","@id":"https:\/\/secure.gravatar.com\/avatar\/38be0ef170af8c27f8fd62caba92a3dba93ddbeea4453b5a584e5c3e898a522d?s=96&d=mm&r=g","url":"https:\/\/secure.gravatar.com\/avatar\/38be0ef170af8c27f8fd62caba92a3dba93ddbeea4453b5a584e5c3e898a522d?s=96&d=mm&r=g","contentUrl":"https:\/\/secure.gravatar.com\/avatar\/38be0ef170af8c27f8fd62caba92a3dba93ddbeea4453b5a584e5c3e898a522d?s=96&d=mm&r=g","caption":"ieppnew2"}}]}},"_links":{"self":[{"href":"https:\/\/www.iepp.es\/it\/wp-json\/wp\/v2\/posts\/1590","targetHints":{"allow":["GET"]}}],"collection":[{"href":"https:\/\/www.iepp.es\/it\/wp-json\/wp\/v2\/posts"}],"about":[{"href":"https:\/\/www.iepp.es\/it\/wp-json\/wp\/v2\/types\/post"}],"author":[{"embeddable":true,"href":"https:\/\/www.iepp.es\/it\/wp-json\/wp\/v2\/users\/1"}],"replies":[{"embeddable":true,"href":"https:\/\/www.iepp.es\/it\/wp-json\/wp\/v2\/comments?post=1590"}],"version-history":[{"count":1,"href":"https:\/\/www.iepp.es\/it\/wp-json\/wp\/v2\/posts\/1590\/revisions"}],"predecessor-version":[{"id":1597,"href":"https:\/\/www.iepp.es\/it\/wp-json\/wp\/v2\/posts\/1590\/revisions\/1597"}],"wp:featuredmedia":[{"embeddable":true,"href":"https:\/\/www.iepp.es\/it\/wp-json\/wp\/v2\/media\/1591"}],"wp:attachment":[{"href":"https:\/\/www.iepp.es\/it\/wp-json\/wp\/v2\/media?parent=1590"}],"wp:term":[{"taxonomy":"category","embeddable":true,"href":"https:\/\/www.iepp.es\/it\/wp-json\/wp\/v2\/categories?post=1590"},{"taxonomy":"post_tag","embeddable":true,"href":"https:\/\/www.iepp.es\/it\/wp-json\/wp\/v2\/tags?post=1590"}],"curies":[{"name":"wp","href":"https:\/\/api.w.org\/{rel}","templated":true}]}}