{"id":1598,"date":"2024-08-29T10:30:00","date_gmt":"2024-08-29T08:30:00","guid":{"rendered":"https:\/\/www.iepp.es\/it\/?p=1598"},"modified":"2024-07-29T09:52:26","modified_gmt":"2024-07-29T07:52:26","slug":"resilienza","status":"publish","type":"post","link":"https:\/\/www.iepp.es\/it\/resilienza\/","title":{"rendered":"La Resilienza: La Forza della Psicologia Positiva"},"content":{"rendered":"\n<p>Negli ultimi anni, il termine \"resilienza\" \u00e8 diventato sempre pi\u00f9 comune, specialmente durante il periodo del Covid-19. Politici ed esperti hanno spesso parlato dell'importanza di questa, sottolineando come la capacit\u00e0 di affrontare e superare le avversit\u00e0 sia cruciale per il benessere individuale e collettivo. Ma cosa significa realmente essere resilienti? E come possiamo sviluppare questa qualit\u00e0 essenziale per affrontare le sfide della vita quotidiana?<\/p>\n\n\n\n<figure class=\"wp-block-image size-large\"><img loading=\"lazy\" decoding=\"async\" width=\"950\" height=\"534\" src=\"https:\/\/www.iepp.es\/it\/wp-content\/uploads\/Resilienza-e-forza-di-volonta-950x534.jpg\" alt=\"\" class=\"wp-image-1602\" srcset=\"https:\/\/www.iepp.es\/it\/wp-content\/uploads\/Resilienza-e-forza-di-volonta-950x534.jpg 950w, https:\/\/www.iepp.es\/it\/wp-content\/uploads\/Resilienza-e-forza-di-volonta-665x374.jpg 665w, https:\/\/www.iepp.es\/it\/wp-content\/uploads\/Resilienza-e-forza-di-volonta-768x432.jpg 768w, https:\/\/www.iepp.es\/it\/wp-content\/uploads\/Resilienza-e-forza-di-volonta-1536x864.jpg 1536w, https:\/\/www.iepp.es\/it\/wp-content\/uploads\/Resilienza-e-forza-di-volonta.jpg 1920w\" sizes=\"auto, (max-width: 950px) 100vw, 950px\" \/><\/figure>\n\n\n\n<h2 class=\"wp-block-heading\"><strong>Cos'\u00e8 la Resilienza?<\/strong><\/h2>\n\n\n\n<p>La resilienza \u00e8 la capacit\u00e0 di una persona di riprendersi rapidamente da difficolt\u00e0 o cambiamenti. Secondo la psicologia positiva, non si tratta solo resistere allo stress, ma anche di trarre insegnamenti dalle esperienze avverse per diventare pi\u00f9 forti e adattabili. \u00c8 una qualit\u00e0 che ci permette di affrontare e superare le avversit\u00e0, raggiungendo i nostri obiettivi anche quando sembrano impossibili.<\/p>\n\n\n\n<h3 class=\"wp-block-heading\"><strong>Resilienza vs. Resistenza<\/strong><\/h3>\n\n\n\n<p>Spesso, la resilienza viene confusa con la resistenza. Mentre la resistenza si riferisce alla capacit\u00e0 di sopportare le difficolt\u00e0 senza cambiare, la resilienza implica una trasformazione positiva. Una persona resiliente non solo sopporta il colpo, ma ne esce rafforzata, imparando nuove strategie per affrontare le future sfide.<\/p>\n\n\n\n<figure class=\"wp-block-image size-large\"><img loading=\"lazy\" decoding=\"async\" width=\"950\" height=\"534\" src=\"https:\/\/www.iepp.es\/it\/wp-content\/uploads\/Forza-di-volonta-e-resilienza-950x534.jpg\" alt=\"\" class=\"wp-image-1600\" srcset=\"https:\/\/www.iepp.es\/it\/wp-content\/uploads\/Forza-di-volonta-e-resilienza-950x534.jpg 950w, https:\/\/www.iepp.es\/it\/wp-content\/uploads\/Forza-di-volonta-e-resilienza-665x374.jpg 665w, https:\/\/www.iepp.es\/it\/wp-content\/uploads\/Forza-di-volonta-e-resilienza-768x432.jpg 768w, https:\/\/www.iepp.es\/it\/wp-content\/uploads\/Forza-di-volonta-e-resilienza-1536x864.jpg 1536w, https:\/\/www.iepp.es\/it\/wp-content\/uploads\/Forza-di-volonta-e-resilienza.jpg 1920w\" sizes=\"auto, (max-width: 950px) 100vw, 950px\" \/><\/figure>\n\n\n\n<h2 class=\"wp-block-heading\"><strong>Come si Sviluppa la Resilienza<\/strong><\/h2>\n\n\n\n<p>La resilienza pu\u00f2 essere sviluppata attraverso diverse strategie e pratiche, che vanno dall'adozione di una mentalit\u00e0 positiva alla costruzione di una solida rete di supporto sociale.<\/p>\n\n\n\n<h3 class=\"wp-block-heading\"><strong>Mentalit\u00e0 Positiva<\/strong><\/h3>\n\n\n\n<p>Coltivare una mentalit\u00e0 positiva \u00e8 uno degli approcci pi\u00f9 efficaci per sviluppare la resilienza. Questo atteggiamento aiuta a vedere le difficolt\u00e0 come opportunit\u00e0 di crescita piuttosto che ostacoli insormontabili, favorendo l'ottimismo e la speranza, componenti chiave della resilienza. Ad esempio, durante una crisi, una persona resiliente pu\u00f2 cercare di trovare il lato positivo della situazione e vedere come pu\u00f2 trarre insegnamento da essa.<\/p>\n\n\n\n<h3 class=\"wp-block-heading\"><strong>Rete di Supporto<\/strong><\/h3>\n\n\n\n<p>Un altro aspetto fondamentale \u00e8 creare una rete di supporto. Le relazioni sociali forti sono cruciali per la resilienza; poter contare su amici e familiari durante i momenti difficili fornisce il supporto emotivo necessario per superare le avversit\u00e0. La presenza di un supporto sociale pu\u00f2 fare la differenza tra cedere allo stress e trovare la forza per andare avanti.<\/p>\n\n\n\n<h3 class=\"wp-block-heading\"><a href=\"https:\/\/www.iepp.es\/it\/introspezione\/\"><strong>Introspezione<\/strong><\/a><strong> e Mindfulness<\/strong><\/h3>\n\n\n\n<p>Riflettere sugli eventi passati che ci hanno turbato pu\u00f2 portare a una crescita personale significativa. La pratica dell\u2019introspezione \u00e8 infatti una delle tecniche di base della psicologia positiva e aiuta a trasformare le esperienze negative in lezioni di vita. Inoltre, la mindfulness pu\u00f2 aiutare a rimanere presenti e consapevoli, riducendo lo stress e migliorando la capacit\u00e0 di affrontare le difficolt\u00e0.<\/p>\n\n\n\n<figure class=\"wp-block-image size-large\"><img loading=\"lazy\" decoding=\"async\" width=\"950\" height=\"534\" src=\"https:\/\/www.iepp.es\/it\/wp-content\/uploads\/Resilienza-950x534.jpg\" alt=\"\" class=\"wp-image-1601\" srcset=\"https:\/\/www.iepp.es\/it\/wp-content\/uploads\/Resilienza-950x534.jpg 950w, https:\/\/www.iepp.es\/it\/wp-content\/uploads\/Resilienza-665x374.jpg 665w, https:\/\/www.iepp.es\/it\/wp-content\/uploads\/Resilienza-768x432.jpg 768w, https:\/\/www.iepp.es\/it\/wp-content\/uploads\/Resilienza-1536x864.jpg 1536w, https:\/\/www.iepp.es\/it\/wp-content\/uploads\/Resilienza.jpg 1920w\" sizes=\"auto, (max-width: 950px) 100vw, 950px\" \/><\/figure>\n\n\n\n<h2 class=\"wp-block-heading\"><strong>Importanza e Benefici della Resilienza<\/strong><\/h2>\n\n\n\n<p>La resilienza non \u00e8 cruciale solo nei momenti di crisi, ma \u00e8 fondamentale anche nella vita quotidiana. Affrontare le piccole sfide di ogni giorno con una mentalit\u00e0 resiliente migliora significativamente il benessere psicologico e la qualit\u00e0 della vita.<\/p>\n\n\n\n<h3 class=\"wp-block-heading\"><strong>Crescita Personale<\/strong><\/h3>\n\n\n\n<p>La resilienza contribuisce alla nostra capacit\u00e0 di adattamento e crescita personale. Essa favorisce un atteggiamento proattivo e ottimista, permettendo di affrontare gli imprevisti con maggiore serenit\u00e0. Le persone resilienti tendono a mantenere una prospettiva positiva, vedendo le sfide come opportunit\u00e0 di sviluppo piuttosto che come ostacoli insormontabili. Questo approccio non solo riduce lo stress, ma promuove anche la motivazione e la determinazione nel perseguire i propri obiettivi.<\/p>\n\n\n\n<h3 class=\"wp-block-heading\"><strong>Il Fiore di Loto: Simbolo di Resilienza<\/strong><\/h3>\n\n\n\n<p>Un esempio evocativo di resilienza \u00e8 il fiore di loto, che cresce nelle acque fangose e torbide. Nonostante l'ambiente ostile, il loto riesce a emergere puro e bellissimo, divenendo simbolo di come le difficolt\u00e0 possano trasformarsi in bellezza e forza interiore.<\/p>\n\n\n\n<p>La resilienza \u00e8 una qualit\u00e0 essenziale che tutti possiamo sviluppare e rafforzare. Attraverso una mentalit\u00e0 positiva, una rete di supporto solida, l'apprendimento dalle esperienze e la pratica della mindfulness, possiamo affrontare le difficolt\u00e0 con maggiore serenit\u00e0 e trasformarle in opportunit\u00e0 di crescita personale. La resilienza ci permette non solo di sopravvivere alle avversit\u00e0, ma di prosperare grazie a esse, rendendoci pi\u00f9 forti e capaci di vivere una vita piena e soddisfacente.<\/p>\n","protected":false},"excerpt":{"rendered":"<p>Negli ultimi anni, il termine \"resilienza\" \u00e8 diventato sempre pi\u00f9 comune, specialmente durante il periodo del Covid-19. Politici ed esperti hanno spesso parlato dell'importanza di questa, sottolineando come la capacit\u00e0 di affrontare e superare le avversit\u00e0 sia cruciale per il benessere individuale e collettivo. Ma cosa significa realmente essere resilienti? E come possiamo sviluppare questa <a class=\"read-more\" href=\"https:\/\/www.iepp.es\/it\/resilienza\/\">Read More &raquo;<\/a><\/p>\n","protected":false},"author":1,"featured_media":1599,"comment_status":"closed","ping_status":"closed","sticky":false,"template":"","format":"standard","meta":{"footnotes":""},"categories":[10],"tags":[],"class_list":["post-1598","post","type-post","status-publish","format-standard","has-post-thumbnail","hentry","category-sviluppo-personale"],"yoast_head":"<!-- This site is optimized with the Yoast SEO plugin v27.5 - https:\/\/yoast.com\/product\/yoast-seo-wordpress\/ -->\n<title>La Resilienza: La Forza della Psicologia Positiva - IEPP<\/title>\n<meta name=\"description\" content=\"Negli ultimi anni, il termine &quot;resilienza&quot; \u00e8 diventato sempre pi\u00f9 comune, specialmente durante il periodo del Covid-19. Ma cosa \u00e8?\" \/>\n<meta name=\"robots\" content=\"index, follow, max-snippet:-1, max-image-preview:large, max-video-preview:-1\" \/>\n<link rel=\"canonical\" href=\"https:\/\/www.iepp.es\/it\/resilienza\/\" \/>\n<meta property=\"og:locale\" content=\"es_ES\" \/>\n<meta property=\"og:type\" content=\"article\" \/>\n<meta property=\"og:title\" content=\"La Resilienza: La Forza della Psicologia Positiva - IEPP\" \/>\n<meta property=\"og:description\" content=\"Negli ultimi anni, il termine &quot;resilienza&quot; \u00e8 diventato sempre pi\u00f9 comune, specialmente durante il periodo del Covid-19. Ma cosa \u00e8?\" \/>\n<meta property=\"og:url\" content=\"https:\/\/www.iepp.es\/it\/resilienza\/\" \/>\n<meta property=\"og:site_name\" content=\"Instituto Europeo de Psicolog\u00eda Positiva\" \/>\n<meta property=\"article:published_time\" content=\"2024-08-29T08:30:00+00:00\" \/>\n<meta property=\"og:image\" content=\"https:\/\/www.iepp.es\/it\/wp-content\/uploads\/Resilienza-vs.-Resistenza.jpg\" \/>\n\t<meta property=\"og:image:width\" content=\"1920\" \/>\n\t<meta property=\"og:image:height\" content=\"1080\" \/>\n\t<meta property=\"og:image:type\" content=\"image\/jpeg\" \/>\n<meta name=\"author\" content=\"ieppnew2\" \/>\n<meta name=\"twitter:card\" content=\"summary_large_image\" \/>\n<meta name=\"twitter:label1\" content=\"Escrito por\" \/>\n\t<meta name=\"twitter:data1\" content=\"ieppnew2\" \/>\n\t<meta name=\"twitter:label2\" content=\"Tiempo de lectura\" \/>\n\t<meta name=\"twitter:data2\" content=\"4 minutos\" \/>\n<script type=\"application\/ld+json\" class=\"yoast-schema-graph\">{\"@context\":\"https:\\\/\\\/schema.org\",\"@graph\":[{\"@type\":\"Article\",\"@id\":\"https:\\\/\\\/www.iepp.es\\\/it\\\/resilienza\\\/#article\",\"isPartOf\":{\"@id\":\"https:\\\/\\\/www.iepp.es\\\/it\\\/resilienza\\\/\"},\"author\":{\"name\":\"ieppnew2\",\"@id\":\"https:\\\/\\\/www.iepp.es\\\/it\\\/#\\\/schema\\\/person\\\/bf2ea672c48f0300a074ca007fcd1375\"},\"headline\":\"La Resilienza: La Forza della Psicologia Positiva\",\"datePublished\":\"2024-08-29T08:30:00+00:00\",\"mainEntityOfPage\":{\"@id\":\"https:\\\/\\\/www.iepp.es\\\/it\\\/resilienza\\\/\"},\"wordCount\":632,\"image\":{\"@id\":\"https:\\\/\\\/www.iepp.es\\\/it\\\/resilienza\\\/#primaryimage\"},\"thumbnailUrl\":\"https:\\\/\\\/www.iepp.es\\\/it\\\/wp-content\\\/uploads\\\/Resilienza-vs.-Resistenza.jpg\",\"articleSection\":[\"Sviluppo Personale\"],\"inLanguage\":\"es\"},{\"@type\":\"WebPage\",\"@id\":\"https:\\\/\\\/www.iepp.es\\\/it\\\/resilienza\\\/\",\"url\":\"https:\\\/\\\/www.iepp.es\\\/it\\\/resilienza\\\/\",\"name\":\"La Resilienza: La Forza della Psicologia Positiva - IEPP\",\"isPartOf\":{\"@id\":\"https:\\\/\\\/www.iepp.es\\\/it\\\/#website\"},\"primaryImageOfPage\":{\"@id\":\"https:\\\/\\\/www.iepp.es\\\/it\\\/resilienza\\\/#primaryimage\"},\"image\":{\"@id\":\"https:\\\/\\\/www.iepp.es\\\/it\\\/resilienza\\\/#primaryimage\"},\"thumbnailUrl\":\"https:\\\/\\\/www.iepp.es\\\/it\\\/wp-content\\\/uploads\\\/Resilienza-vs.-Resistenza.jpg\",\"datePublished\":\"2024-08-29T08:30:00+00:00\",\"author\":{\"@id\":\"https:\\\/\\\/www.iepp.es\\\/it\\\/#\\\/schema\\\/person\\\/bf2ea672c48f0300a074ca007fcd1375\"},\"description\":\"Negli ultimi anni, il termine \\\"resilienza\\\" \u00e8 diventato sempre pi\u00f9 comune, specialmente durante il periodo del Covid-19. Ma cosa \u00e8?\",\"breadcrumb\":{\"@id\":\"https:\\\/\\\/www.iepp.es\\\/it\\\/resilienza\\\/#breadcrumb\"},\"inLanguage\":\"es\",\"potentialAction\":[{\"@type\":\"ReadAction\",\"target\":[\"https:\\\/\\\/www.iepp.es\\\/it\\\/resilienza\\\/\"]}]},{\"@type\":\"ImageObject\",\"inLanguage\":\"es\",\"@id\":\"https:\\\/\\\/www.iepp.es\\\/it\\\/resilienza\\\/#primaryimage\",\"url\":\"https:\\\/\\\/www.iepp.es\\\/it\\\/wp-content\\\/uploads\\\/Resilienza-vs.-Resistenza.jpg\",\"contentUrl\":\"https:\\\/\\\/www.iepp.es\\\/it\\\/wp-content\\\/uploads\\\/Resilienza-vs.-Resistenza.jpg\",\"width\":1920,\"height\":1080,\"caption\":\"Resilienza\"},{\"@type\":\"BreadcrumbList\",\"@id\":\"https:\\\/\\\/www.iepp.es\\\/it\\\/resilienza\\\/#breadcrumb\",\"itemListElement\":[{\"@type\":\"ListItem\",\"position\":1,\"name\":\"Portada\",\"item\":\"https:\\\/\\\/www.iepp.es\\\/it\\\/\"},{\"@type\":\"ListItem\",\"position\":2,\"name\":\"La Resilienza: La Forza della Psicologia Positiva\"}]},{\"@type\":\"WebSite\",\"@id\":\"https:\\\/\\\/www.iepp.es\\\/it\\\/#website\",\"url\":\"https:\\\/\\\/www.iepp.es\\\/it\\\/\",\"name\":\"Instituto Europeo de Psicolog\u00eda Positiva\",\"description\":\"Dal 2010 siamo stati pionieri nell&#039;uso di tecniche di Psicologia Positiva in tutti i nostri centri, dove aiutiamo ogni giorno pi\u00f9 persone e organizzazioni.\",\"potentialAction\":[{\"@type\":\"SearchAction\",\"target\":{\"@type\":\"EntryPoint\",\"urlTemplate\":\"https:\\\/\\\/www.iepp.es\\\/it\\\/?s={search_term_string}\"},\"query-input\":{\"@type\":\"PropertyValueSpecification\",\"valueRequired\":true,\"valueName\":\"search_term_string\"}}],\"inLanguage\":\"es\"},{\"@type\":\"Person\",\"@id\":\"https:\\\/\\\/www.iepp.es\\\/it\\\/#\\\/schema\\\/person\\\/bf2ea672c48f0300a074ca007fcd1375\",\"name\":\"ieppnew2\",\"image\":{\"@type\":\"ImageObject\",\"inLanguage\":\"es\",\"@id\":\"https:\\\/\\\/secure.gravatar.com\\\/avatar\\\/38be0ef170af8c27f8fd62caba92a3dba93ddbeea4453b5a584e5c3e898a522d?s=96&d=mm&r=g\",\"url\":\"https:\\\/\\\/secure.gravatar.com\\\/avatar\\\/38be0ef170af8c27f8fd62caba92a3dba93ddbeea4453b5a584e5c3e898a522d?s=96&d=mm&r=g\",\"contentUrl\":\"https:\\\/\\\/secure.gravatar.com\\\/avatar\\\/38be0ef170af8c27f8fd62caba92a3dba93ddbeea4453b5a584e5c3e898a522d?s=96&d=mm&r=g\",\"caption\":\"ieppnew2\"}}]}<\/script>\n<!-- \/ Yoast SEO plugin. -->","yoast_head_json":{"title":"La Resilienza: La Forza della Psicologia Positiva - IEPP","description":"Negli ultimi anni, il termine \"resilienza\" \u00e8 diventato sempre pi\u00f9 comune, specialmente durante il periodo del Covid-19. Ma cosa \u00e8?","robots":{"index":"index","follow":"follow","max-snippet":"max-snippet:-1","max-image-preview":"max-image-preview:large","max-video-preview":"max-video-preview:-1"},"canonical":"https:\/\/www.iepp.es\/it\/resilienza\/","og_locale":"es_ES","og_type":"article","og_title":"La Resilienza: La Forza della Psicologia Positiva - IEPP","og_description":"Negli ultimi anni, il termine \"resilienza\" \u00e8 diventato sempre pi\u00f9 comune, specialmente durante il periodo del Covid-19. Ma cosa \u00e8?","og_url":"https:\/\/www.iepp.es\/it\/resilienza\/","og_site_name":"Instituto Europeo de Psicolog\u00eda Positiva","article_published_time":"2024-08-29T08:30:00+00:00","og_image":[{"width":1920,"height":1080,"url":"https:\/\/www.iepp.es\/it\/wp-content\/uploads\/Resilienza-vs.-Resistenza.jpg","type":"image\/jpeg"}],"author":"ieppnew2","twitter_card":"summary_large_image","twitter_misc":{"Escrito por":"ieppnew2","Tiempo de lectura":"4 minutos"},"schema":{"@context":"https:\/\/schema.org","@graph":[{"@type":"Article","@id":"https:\/\/www.iepp.es\/it\/resilienza\/#article","isPartOf":{"@id":"https:\/\/www.iepp.es\/it\/resilienza\/"},"author":{"name":"ieppnew2","@id":"https:\/\/www.iepp.es\/it\/#\/schema\/person\/bf2ea672c48f0300a074ca007fcd1375"},"headline":"La Resilienza: La Forza della Psicologia Positiva","datePublished":"2024-08-29T08:30:00+00:00","mainEntityOfPage":{"@id":"https:\/\/www.iepp.es\/it\/resilienza\/"},"wordCount":632,"image":{"@id":"https:\/\/www.iepp.es\/it\/resilienza\/#primaryimage"},"thumbnailUrl":"https:\/\/www.iepp.es\/it\/wp-content\/uploads\/Resilienza-vs.-Resistenza.jpg","articleSection":["Sviluppo Personale"],"inLanguage":"es"},{"@type":"WebPage","@id":"https:\/\/www.iepp.es\/it\/resilienza\/","url":"https:\/\/www.iepp.es\/it\/resilienza\/","name":"La Resilienza: La Forza della Psicologia Positiva - IEPP","isPartOf":{"@id":"https:\/\/www.iepp.es\/it\/#website"},"primaryImageOfPage":{"@id":"https:\/\/www.iepp.es\/it\/resilienza\/#primaryimage"},"image":{"@id":"https:\/\/www.iepp.es\/it\/resilienza\/#primaryimage"},"thumbnailUrl":"https:\/\/www.iepp.es\/it\/wp-content\/uploads\/Resilienza-vs.-Resistenza.jpg","datePublished":"2024-08-29T08:30:00+00:00","author":{"@id":"https:\/\/www.iepp.es\/it\/#\/schema\/person\/bf2ea672c48f0300a074ca007fcd1375"},"description":"Negli ultimi anni, il termine \"resilienza\" \u00e8 diventato sempre pi\u00f9 comune, specialmente durante il periodo del Covid-19. Ma cosa \u00e8?","breadcrumb":{"@id":"https:\/\/www.iepp.es\/it\/resilienza\/#breadcrumb"},"inLanguage":"es","potentialAction":[{"@type":"ReadAction","target":["https:\/\/www.iepp.es\/it\/resilienza\/"]}]},{"@type":"ImageObject","inLanguage":"es","@id":"https:\/\/www.iepp.es\/it\/resilienza\/#primaryimage","url":"https:\/\/www.iepp.es\/it\/wp-content\/uploads\/Resilienza-vs.-Resistenza.jpg","contentUrl":"https:\/\/www.iepp.es\/it\/wp-content\/uploads\/Resilienza-vs.-Resistenza.jpg","width":1920,"height":1080,"caption":"Resilienza"},{"@type":"BreadcrumbList","@id":"https:\/\/www.iepp.es\/it\/resilienza\/#breadcrumb","itemListElement":[{"@type":"ListItem","position":1,"name":"Portada","item":"https:\/\/www.iepp.es\/it\/"},{"@type":"ListItem","position":2,"name":"La Resilienza: La Forza della Psicologia Positiva"}]},{"@type":"WebSite","@id":"https:\/\/www.iepp.es\/it\/#website","url":"https:\/\/www.iepp.es\/it\/","name":"Instituto Europeo de Psicolog\u00eda Positiva","description":"Dal 2010 siamo stati pionieri nell&#039;uso di tecniche di Psicologia Positiva in tutti i nostri centri, dove aiutiamo ogni giorno pi\u00f9 persone e organizzazioni.","potentialAction":[{"@type":"SearchAction","target":{"@type":"EntryPoint","urlTemplate":"https:\/\/www.iepp.es\/it\/?s={search_term_string}"},"query-input":{"@type":"PropertyValueSpecification","valueRequired":true,"valueName":"search_term_string"}}],"inLanguage":"es"},{"@type":"Person","@id":"https:\/\/www.iepp.es\/it\/#\/schema\/person\/bf2ea672c48f0300a074ca007fcd1375","name":"ieppnew2","image":{"@type":"ImageObject","inLanguage":"es","@id":"https:\/\/secure.gravatar.com\/avatar\/38be0ef170af8c27f8fd62caba92a3dba93ddbeea4453b5a584e5c3e898a522d?s=96&d=mm&r=g","url":"https:\/\/secure.gravatar.com\/avatar\/38be0ef170af8c27f8fd62caba92a3dba93ddbeea4453b5a584e5c3e898a522d?s=96&d=mm&r=g","contentUrl":"https:\/\/secure.gravatar.com\/avatar\/38be0ef170af8c27f8fd62caba92a3dba93ddbeea4453b5a584e5c3e898a522d?s=96&d=mm&r=g","caption":"ieppnew2"}}]}},"_links":{"self":[{"href":"https:\/\/www.iepp.es\/it\/wp-json\/wp\/v2\/posts\/1598","targetHints":{"allow":["GET"]}}],"collection":[{"href":"https:\/\/www.iepp.es\/it\/wp-json\/wp\/v2\/posts"}],"about":[{"href":"https:\/\/www.iepp.es\/it\/wp-json\/wp\/v2\/types\/post"}],"author":[{"embeddable":true,"href":"https:\/\/www.iepp.es\/it\/wp-json\/wp\/v2\/users\/1"}],"replies":[{"embeddable":true,"href":"https:\/\/www.iepp.es\/it\/wp-json\/wp\/v2\/comments?post=1598"}],"version-history":[{"count":1,"href":"https:\/\/www.iepp.es\/it\/wp-json\/wp\/v2\/posts\/1598\/revisions"}],"predecessor-version":[{"id":1603,"href":"https:\/\/www.iepp.es\/it\/wp-json\/wp\/v2\/posts\/1598\/revisions\/1603"}],"wp:featuredmedia":[{"embeddable":true,"href":"https:\/\/www.iepp.es\/it\/wp-json\/wp\/v2\/media\/1599"}],"wp:attachment":[{"href":"https:\/\/www.iepp.es\/it\/wp-json\/wp\/v2\/media?parent=1598"}],"wp:term":[{"taxonomy":"category","embeddable":true,"href":"https:\/\/www.iepp.es\/it\/wp-json\/wp\/v2\/categories?post=1598"},{"taxonomy":"post_tag","embeddable":true,"href":"https:\/\/www.iepp.es\/it\/wp-json\/wp\/v2\/tags?post=1598"}],"curies":[{"name":"wp","href":"https:\/\/api.w.org\/{rel}","templated":true}]}}