{"id":1807,"date":"2025-04-15T18:35:42","date_gmt":"2025-04-15T16:35:42","guid":{"rendered":"https:\/\/www.iepp.es\/it\/?p=1807"},"modified":"2025-04-15T18:36:53","modified_gmt":"2025-04-15T16:36:53","slug":"glossofobia","status":"publish","type":"post","link":"https:\/\/www.iepp.es\/it\/glossofobia\/","title":{"rendered":"Glossofobia: la paura di parlare in pubblico"},"content":{"rendered":"\n<p>Parlare in pubblico \u00e8 un\u2019abilit\u00e0 che molti desiderano padroneggiare, ma per alcune persone rappresenta una vera e propria sfida. La&nbsp;glossofobia, ovvero la paura di parlare in pubblico, \u00e8 un disturbo d\u2019ansia sociale che pu\u00f2 limitare la crescita personale e professionale. Questa paura, se non affrontata, pu\u00f2 portare all\u2019<a href=\"https:\/\/www.iepp.es\/it\/evitamento\/\">evitamento<\/a> di situazioni importanti, come presentazioni lavorative, discorsi pubblici o semplici interventi in riunioni. Ma da dove nasce questa paura? E, soprattutto, quali strumenti offre la psicologia positiva per superarla e ritrovare la fiducia in s\u00e9 stessi?<\/p>\n\n\n\n<figure class=\"wp-block-image size-large\"><img loading=\"lazy\" decoding=\"async\" width=\"950\" height=\"534\" src=\"https:\/\/www.iepp.es\/it\/wp-content\/uploads\/come-superare-la-glossofobia-950x534.jpg\" alt=\"\" class=\"wp-image-1809\" srcset=\"https:\/\/www.iepp.es\/it\/wp-content\/uploads\/come-superare-la-glossofobia-950x534.jpg 950w, https:\/\/www.iepp.es\/it\/wp-content\/uploads\/come-superare-la-glossofobia-665x374.jpg 665w, https:\/\/www.iepp.es\/it\/wp-content\/uploads\/come-superare-la-glossofobia-768x432.jpg 768w, https:\/\/www.iepp.es\/it\/wp-content\/uploads\/come-superare-la-glossofobia-1536x864.jpg 1536w, https:\/\/www.iepp.es\/it\/wp-content\/uploads\/come-superare-la-glossofobia.jpg 1920w\" sizes=\"auto, (max-width: 950px) 100vw, 950px\" \/><\/figure>\n\n\n\n<h2 class=\"wp-block-heading\">Quando la voce trema: cos\u2019\u00e8 la glossofobia<\/h2>\n\n\n\n<p>La&nbsp;glossofobia&nbsp;\u00e8 una paura intensa e irrazionale di parlare davanti a un pubblico. Deriva dal greco \u201cglossa\u201d (lingua) e \u201cphobos\u201d (paura) e rientra nel pi\u00f9 ampio spettro dei disturbi d\u2019ansia sociale. Chi ne soffre sperimenta sintomi fisici e psicologici come tremori, sudorazione, tachicardia, difficolt\u00e0 respiratorie e una sensazione di vuoto mentale. Questi sintomi possono essere cos\u00ec intensi da compromettere la capacit\u00e0 di comunicare efficacemente, creando un circolo vizioso di ansia e frustrazione.<\/p>\n\n\n\n<p>Questa paura pu\u00f2 portare alla repulsione di situazioni in cui \u00e8 necessario parlare in pubblico, limitando opportunit\u00e0 di crescita e realizzazione. La psicologia positiva ci invita a riflettere su come il benessere emotivo non dipenda solo dall\u2019assenza di paure, ma dalla capacit\u00e0 di affrontarle con coraggio e <a href=\"https:\/\/www.iepp.es\/it\/resilienza\/\">resilienza<\/a>.<\/p>\n\n\n\n<figure class=\"wp-block-image size-large\"><img loading=\"lazy\" decoding=\"async\" width=\"950\" height=\"534\" src=\"https:\/\/www.iepp.es\/it\/wp-content\/uploads\/cosa-e-la-glossofobia-950x534.jpg\" alt=\"\" class=\"wp-image-1810\" srcset=\"https:\/\/www.iepp.es\/it\/wp-content\/uploads\/cosa-e-la-glossofobia-950x534.jpg 950w, https:\/\/www.iepp.es\/it\/wp-content\/uploads\/cosa-e-la-glossofobia-665x374.jpg 665w, https:\/\/www.iepp.es\/it\/wp-content\/uploads\/cosa-e-la-glossofobia-768x432.jpg 768w, https:\/\/www.iepp.es\/it\/wp-content\/uploads\/cosa-e-la-glossofobia-1536x864.jpg 1536w, https:\/\/www.iepp.es\/it\/wp-content\/uploads\/cosa-e-la-glossofobia.jpg 1920w\" sizes=\"auto, (max-width: 950px) 100vw, 950px\" \/><\/figure>\n\n\n\n<h2 class=\"wp-block-heading\">Perch\u00e9 abbiamo paura di parlare in pubblico?<\/h2>\n\n\n\n<p>Le origini della glossofobia sono spesso legate a una combinazione di fattori biologici, psicologici e sociali. Esperienze traumatiche, come una brutta figura in pubblico durante l\u2019infanzia, possono lasciare un segno profondo. Allo stesso modo, credenze limitanti apprese durante la crescita, come l\u2019idea di non essere all\u2019altezza, possono alimentare questa paura. Fattori culturali e sociali giocano un ruolo significativo. In una societ\u00e0 che valorizza la performance e il giudizio altrui, \u00e8 facile sentirsi sotto pressione. I media e i social network, con i loro standard di perfezione, possono amplificare questa ansia, facendo sentire le persone costantemente giudicate.<\/p>\n\n\n\n<p>La psicologia positiva ci ricorda che ognuno di noi ha il potere di riconoscere e superare queste paure, trasformandole in opportunit\u00e0 di crescita. Comprendere le cause della glossofobia \u00e8 il primo passo per affrontarla in modo costruttivo.<\/p>\n\n\n\n<figure class=\"wp-block-image size-large\"><img loading=\"lazy\" decoding=\"async\" width=\"950\" height=\"534\" src=\"https:\/\/www.iepp.es\/it\/wp-content\/uploads\/parlare-in-pubblico-950x534.jpg\" alt=\"\" class=\"wp-image-1811\" srcset=\"https:\/\/www.iepp.es\/it\/wp-content\/uploads\/parlare-in-pubblico-950x534.jpg 950w, https:\/\/www.iepp.es\/it\/wp-content\/uploads\/parlare-in-pubblico-665x374.jpg 665w, https:\/\/www.iepp.es\/it\/wp-content\/uploads\/parlare-in-pubblico-768x432.jpg 768w, https:\/\/www.iepp.es\/it\/wp-content\/uploads\/parlare-in-pubblico-1536x864.jpg 1536w, https:\/\/www.iepp.es\/it\/wp-content\/uploads\/parlare-in-pubblico.jpg 1920w\" sizes=\"auto, (max-width: 950px) 100vw, 950px\" \/><\/figure>\n\n\n\n<h2 class=\"wp-block-heading\">Strategie per superare la glossofobia<\/h2>\n\n\n\n<p>Superare la glossofobia richiede consapevolezza e un approccio graduale al cambiamento. Tra i metodi pi\u00f9 efficaci per combattere questa difficolt\u00e0 vi \u00e8 la&nbsp;<a href=\"https:\/\/www.iepp.es\/it\/mindfulness-e-psicologia-positiva-quando-lunione-fa-la-forza\/\">mindfulness<\/a>, che aiuta a sviluppare una maggiore consapevolezza del momento presente, riducendo l\u2019ansia e migliorando la concentrazione. Praticare la mindfulness significa imparare a osservare i propri pensieri e sentimenti senza giudicarli, accettandoli come parte dell\u2019esperienza umana.<\/p>\n\n\n\n<p>Un altro strumento efficace \u00e8 la&nbsp;respirazione diaframmatica. Questa tecnica, se praticata regolarmente, pu\u00f2 aiutare a gestire l\u2019ansia in situazioni stressanti. Si tratta di respirare profondamente, facendo espandere il diaframma e non solo il torace, per favorire il rilassamento fisico e mentale. Dedica qualche minuto al giorno a esercizi di respirazione, specialmente prima di un discorso pubblico, per ridurre la tensione.<\/p>\n\n\n\n<figure class=\"wp-block-image size-large\"><img loading=\"lazy\" decoding=\"async\" width=\"950\" height=\"534\" src=\"https:\/\/www.iepp.es\/it\/wp-content\/uploads\/paura-di-parlare-in-pubblico-950x534.jpg\" alt=\"\" class=\"wp-image-1812\" srcset=\"https:\/\/www.iepp.es\/it\/wp-content\/uploads\/paura-di-parlare-in-pubblico-950x534.jpg 950w, https:\/\/www.iepp.es\/it\/wp-content\/uploads\/paura-di-parlare-in-pubblico-665x374.jpg 665w, https:\/\/www.iepp.es\/it\/wp-content\/uploads\/paura-di-parlare-in-pubblico-768x432.jpg 768w, https:\/\/www.iepp.es\/it\/wp-content\/uploads\/paura-di-parlare-in-pubblico-1536x864.jpg 1536w, https:\/\/www.iepp.es\/it\/wp-content\/uploads\/paura-di-parlare-in-pubblico.jpg 1920w\" sizes=\"auto, (max-width: 950px) 100vw, 950px\" \/><\/figure>\n\n\n\n<h2 class=\"wp-block-heading\">Preparazione per superare la paura di parlare in pubblico<\/h2>\n\n\n\n<p>Prepararsi adeguatamente per un discorso pubblico \u00e8 un altro passo fondamentale. Esercitare la dizione, la postura e l\u2019uso della voce pu\u00f2 aumentare la fiducia in s\u00e9 stessi. Ad esempio, prova a registrarti mentre parli e ascolta la tua voce per identificare aree di miglioramento. Inoltre, prepara una struttura chiara per il tuo discorso, con un inizio, uno sviluppo e una conclusione ben definiti. Questo ti aiuter\u00e0 a sentirti pi\u00f9 sicuro e organizzato.<\/p>\n\n\n\n<p>Un esercizio di auto-riflessione potrebbe essere quello di chiedersi: \u201cCosa mi rende veramente felice quando parlo in pubblico?\u201d e agire di conseguenza. Il benessere emotivo \u00e8 un percorso, e piccoli passi quotidiani possono fare una grande differenza.<\/p>\n\n\n\n<p>Provando a lavorare quotidianamente potrai riscoprire la fiducia in te stesso, rendendoti conto che la glossofobia non \u00e8 una condanna a vita, ma una sfida che, con gli strumenti giusti, pu\u00f2 essere superata e donarti nuovamente una grande autostima.&nbsp;<\/p>\n\n\n\n<p>Se la glossofobia ti sembra insormontabile, non esitare a cercare l\u2019aiuto di un professionista. Uno psicologo specializzato pu\u00f2 guidarti in un percorso personalizzato, aiutandoti a identificare le cause della tua paura e a sviluppare strategie efficaci per superarla. Inoltre, partecipare a gruppi di supporto o corsi di public speaking pu\u00f2 offrirti un ambiente sicuro per esercitarti e ricevere feedback costruttivi.<\/p>\n","protected":false},"excerpt":{"rendered":"<p>Parlare in pubblico \u00e8 un\u2019abilit\u00e0 che molti desiderano padroneggiare, ma per alcune persone rappresenta una vera e propria sfida. La&nbsp;glossofobia, ovvero la paura di parlare in pubblico, \u00e8 un disturbo d\u2019ansia sociale che pu\u00f2 limitare la crescita personale e professionale. Questa paura, se non affrontata, pu\u00f2 portare all\u2019evitamento di situazioni importanti, come presentazioni lavorative, discorsi <a class=\"read-more\" href=\"https:\/\/www.iepp.es\/it\/glossofobia\/\">Read More &raquo;<\/a><\/p>\n","protected":false},"author":1,"featured_media":1808,"comment_status":"closed","ping_status":"closed","sticky":false,"template":"","format":"standard","meta":{"footnotes":""},"categories":[32],"tags":[51,52],"class_list":["post-1807","post","type-post","status-publish","format-standard","has-post-thumbnail","hentry","category-fobie","tag-glossofobia","tag-paura-di-parlare-in-pubblico"],"yoast_head":"<!-- This site is optimized with the Yoast SEO plugin v27.5 - https:\/\/yoast.com\/product\/yoast-seo-wordpress\/ -->\n<title>Glossofobia: la paura di parlare in pubblico - IEPP<\/title>\n<meta name=\"description\" content=\"La\u00a0glossofobia, ovvero la paura di parlare in pubblico, \u00e8 un disturbo d\u2019ansia sociale che pu\u00f2 limitare la crescita personale e professionale.\" \/>\n<meta name=\"robots\" content=\"index, follow, max-snippet:-1, max-image-preview:large, max-video-preview:-1\" \/>\n<link rel=\"canonical\" href=\"https:\/\/www.iepp.es\/it\/glossofobia\/\" \/>\n<meta property=\"og:locale\" content=\"es_ES\" \/>\n<meta property=\"og:type\" content=\"article\" \/>\n<meta property=\"og:title\" content=\"Glossofobia: la paura di parlare in pubblico - IEPP\" \/>\n<meta property=\"og:description\" content=\"La\u00a0glossofobia, ovvero la paura di parlare in pubblico, \u00e8 un disturbo d\u2019ansia sociale che pu\u00f2 limitare la crescita personale e professionale.\" \/>\n<meta property=\"og:url\" content=\"https:\/\/www.iepp.es\/it\/glossofobia\/\" \/>\n<meta property=\"og:site_name\" content=\"Instituto Europeo de Psicolog\u00eda Positiva\" \/>\n<meta property=\"article:published_time\" content=\"2025-04-15T16:35:42+00:00\" \/>\n<meta property=\"article:modified_time\" content=\"2025-04-15T16:36:53+00:00\" \/>\n<meta property=\"og:image\" content=\"https:\/\/www.iepp.es\/it\/wp-content\/uploads\/glossofobia.jpg\" \/>\n\t<meta property=\"og:image:width\" content=\"1920\" \/>\n\t<meta property=\"og:image:height\" content=\"1080\" \/>\n\t<meta property=\"og:image:type\" content=\"image\/jpeg\" \/>\n<meta name=\"author\" content=\"ieppnew2\" \/>\n<meta name=\"twitter:card\" content=\"summary_large_image\" \/>\n<meta name=\"twitter:label1\" content=\"Escrito por\" \/>\n\t<meta name=\"twitter:data1\" content=\"ieppnew2\" \/>\n\t<meta name=\"twitter:label2\" content=\"Tiempo de lectura\" \/>\n\t<meta name=\"twitter:data2\" content=\"5 minutos\" \/>\n<script type=\"application\/ld+json\" class=\"yoast-schema-graph\">{\"@context\":\"https:\\\/\\\/schema.org\",\"@graph\":[{\"@type\":\"Article\",\"@id\":\"https:\\\/\\\/www.iepp.es\\\/it\\\/glossofobia\\\/#article\",\"isPartOf\":{\"@id\":\"https:\\\/\\\/www.iepp.es\\\/it\\\/glossofobia\\\/\"},\"author\":{\"name\":\"ieppnew2\",\"@id\":\"https:\\\/\\\/www.iepp.es\\\/it\\\/#\\\/schema\\\/person\\\/bf2ea672c48f0300a074ca007fcd1375\"},\"headline\":\"Glossofobia: la paura di parlare in pubblico\",\"datePublished\":\"2025-04-15T16:35:42+00:00\",\"dateModified\":\"2025-04-15T16:36:53+00:00\",\"mainEntityOfPage\":{\"@id\":\"https:\\\/\\\/www.iepp.es\\\/it\\\/glossofobia\\\/\"},\"wordCount\":710,\"image\":{\"@id\":\"https:\\\/\\\/www.iepp.es\\\/it\\\/glossofobia\\\/#primaryimage\"},\"thumbnailUrl\":\"https:\\\/\\\/www.iepp.es\\\/it\\\/wp-content\\\/uploads\\\/glossofobia.jpg\",\"keywords\":[\"Glossofobia\",\"paura di parlare in pubblico\"],\"articleSection\":[\"Fobie\"],\"inLanguage\":\"es\"},{\"@type\":\"WebPage\",\"@id\":\"https:\\\/\\\/www.iepp.es\\\/it\\\/glossofobia\\\/\",\"url\":\"https:\\\/\\\/www.iepp.es\\\/it\\\/glossofobia\\\/\",\"name\":\"Glossofobia: la paura di parlare in pubblico - IEPP\",\"isPartOf\":{\"@id\":\"https:\\\/\\\/www.iepp.es\\\/it\\\/#website\"},\"primaryImageOfPage\":{\"@id\":\"https:\\\/\\\/www.iepp.es\\\/it\\\/glossofobia\\\/#primaryimage\"},\"image\":{\"@id\":\"https:\\\/\\\/www.iepp.es\\\/it\\\/glossofobia\\\/#primaryimage\"},\"thumbnailUrl\":\"https:\\\/\\\/www.iepp.es\\\/it\\\/wp-content\\\/uploads\\\/glossofobia.jpg\",\"datePublished\":\"2025-04-15T16:35:42+00:00\",\"dateModified\":\"2025-04-15T16:36:53+00:00\",\"author\":{\"@id\":\"https:\\\/\\\/www.iepp.es\\\/it\\\/#\\\/schema\\\/person\\\/bf2ea672c48f0300a074ca007fcd1375\"},\"description\":\"La\u00a0glossofobia, ovvero la paura di parlare in pubblico, \u00e8 un disturbo d\u2019ansia sociale che pu\u00f2 limitare la crescita personale e professionale.\",\"breadcrumb\":{\"@id\":\"https:\\\/\\\/www.iepp.es\\\/it\\\/glossofobia\\\/#breadcrumb\"},\"inLanguage\":\"es\",\"potentialAction\":[{\"@type\":\"ReadAction\",\"target\":[\"https:\\\/\\\/www.iepp.es\\\/it\\\/glossofobia\\\/\"]}]},{\"@type\":\"ImageObject\",\"inLanguage\":\"es\",\"@id\":\"https:\\\/\\\/www.iepp.es\\\/it\\\/glossofobia\\\/#primaryimage\",\"url\":\"https:\\\/\\\/www.iepp.es\\\/it\\\/wp-content\\\/uploads\\\/glossofobia.jpg\",\"contentUrl\":\"https:\\\/\\\/www.iepp.es\\\/it\\\/wp-content\\\/uploads\\\/glossofobia.jpg\",\"width\":1920,\"height\":1080,\"caption\":\"glossofobia\"},{\"@type\":\"BreadcrumbList\",\"@id\":\"https:\\\/\\\/www.iepp.es\\\/it\\\/glossofobia\\\/#breadcrumb\",\"itemListElement\":[{\"@type\":\"ListItem\",\"position\":1,\"name\":\"Portada\",\"item\":\"https:\\\/\\\/www.iepp.es\\\/it\\\/\"},{\"@type\":\"ListItem\",\"position\":2,\"name\":\"Glossofobia: la paura di parlare in pubblico\"}]},{\"@type\":\"WebSite\",\"@id\":\"https:\\\/\\\/www.iepp.es\\\/it\\\/#website\",\"url\":\"https:\\\/\\\/www.iepp.es\\\/it\\\/\",\"name\":\"Instituto Europeo de Psicolog\u00eda Positiva\",\"description\":\"Dal 2010 siamo stati pionieri nell&#039;uso di tecniche di Psicologia Positiva in tutti i nostri centri, dove aiutiamo ogni giorno pi\u00f9 persone e organizzazioni.\",\"potentialAction\":[{\"@type\":\"SearchAction\",\"target\":{\"@type\":\"EntryPoint\",\"urlTemplate\":\"https:\\\/\\\/www.iepp.es\\\/it\\\/?s={search_term_string}\"},\"query-input\":{\"@type\":\"PropertyValueSpecification\",\"valueRequired\":true,\"valueName\":\"search_term_string\"}}],\"inLanguage\":\"es\"},{\"@type\":\"Person\",\"@id\":\"https:\\\/\\\/www.iepp.es\\\/it\\\/#\\\/schema\\\/person\\\/bf2ea672c48f0300a074ca007fcd1375\",\"name\":\"ieppnew2\",\"image\":{\"@type\":\"ImageObject\",\"inLanguage\":\"es\",\"@id\":\"https:\\\/\\\/secure.gravatar.com\\\/avatar\\\/38be0ef170af8c27f8fd62caba92a3dba93ddbeea4453b5a584e5c3e898a522d?s=96&d=mm&r=g\",\"url\":\"https:\\\/\\\/secure.gravatar.com\\\/avatar\\\/38be0ef170af8c27f8fd62caba92a3dba93ddbeea4453b5a584e5c3e898a522d?s=96&d=mm&r=g\",\"contentUrl\":\"https:\\\/\\\/secure.gravatar.com\\\/avatar\\\/38be0ef170af8c27f8fd62caba92a3dba93ddbeea4453b5a584e5c3e898a522d?s=96&d=mm&r=g\",\"caption\":\"ieppnew2\"}}]}<\/script>\n<!-- \/ Yoast SEO plugin. -->","yoast_head_json":{"title":"Glossofobia: la paura di parlare in pubblico - IEPP","description":"La\u00a0glossofobia, ovvero la paura di parlare in pubblico, \u00e8 un disturbo d\u2019ansia sociale che pu\u00f2 limitare la crescita personale e professionale.","robots":{"index":"index","follow":"follow","max-snippet":"max-snippet:-1","max-image-preview":"max-image-preview:large","max-video-preview":"max-video-preview:-1"},"canonical":"https:\/\/www.iepp.es\/it\/glossofobia\/","og_locale":"es_ES","og_type":"article","og_title":"Glossofobia: la paura di parlare in pubblico - IEPP","og_description":"La\u00a0glossofobia, ovvero la paura di parlare in pubblico, \u00e8 un disturbo d\u2019ansia sociale che pu\u00f2 limitare la crescita personale e professionale.","og_url":"https:\/\/www.iepp.es\/it\/glossofobia\/","og_site_name":"Instituto Europeo de Psicolog\u00eda Positiva","article_published_time":"2025-04-15T16:35:42+00:00","article_modified_time":"2025-04-15T16:36:53+00:00","og_image":[{"width":1920,"height":1080,"url":"https:\/\/www.iepp.es\/it\/wp-content\/uploads\/glossofobia.jpg","type":"image\/jpeg"}],"author":"ieppnew2","twitter_card":"summary_large_image","twitter_misc":{"Escrito por":"ieppnew2","Tiempo de lectura":"5 minutos"},"schema":{"@context":"https:\/\/schema.org","@graph":[{"@type":"Article","@id":"https:\/\/www.iepp.es\/it\/glossofobia\/#article","isPartOf":{"@id":"https:\/\/www.iepp.es\/it\/glossofobia\/"},"author":{"name":"ieppnew2","@id":"https:\/\/www.iepp.es\/it\/#\/schema\/person\/bf2ea672c48f0300a074ca007fcd1375"},"headline":"Glossofobia: la paura di parlare in pubblico","datePublished":"2025-04-15T16:35:42+00:00","dateModified":"2025-04-15T16:36:53+00:00","mainEntityOfPage":{"@id":"https:\/\/www.iepp.es\/it\/glossofobia\/"},"wordCount":710,"image":{"@id":"https:\/\/www.iepp.es\/it\/glossofobia\/#primaryimage"},"thumbnailUrl":"https:\/\/www.iepp.es\/it\/wp-content\/uploads\/glossofobia.jpg","keywords":["Glossofobia","paura di parlare in pubblico"],"articleSection":["Fobie"],"inLanguage":"es"},{"@type":"WebPage","@id":"https:\/\/www.iepp.es\/it\/glossofobia\/","url":"https:\/\/www.iepp.es\/it\/glossofobia\/","name":"Glossofobia: la paura di parlare in pubblico - IEPP","isPartOf":{"@id":"https:\/\/www.iepp.es\/it\/#website"},"primaryImageOfPage":{"@id":"https:\/\/www.iepp.es\/it\/glossofobia\/#primaryimage"},"image":{"@id":"https:\/\/www.iepp.es\/it\/glossofobia\/#primaryimage"},"thumbnailUrl":"https:\/\/www.iepp.es\/it\/wp-content\/uploads\/glossofobia.jpg","datePublished":"2025-04-15T16:35:42+00:00","dateModified":"2025-04-15T16:36:53+00:00","author":{"@id":"https:\/\/www.iepp.es\/it\/#\/schema\/person\/bf2ea672c48f0300a074ca007fcd1375"},"description":"La\u00a0glossofobia, ovvero la paura di parlare in pubblico, \u00e8 un disturbo d\u2019ansia sociale che pu\u00f2 limitare la crescita personale e professionale.","breadcrumb":{"@id":"https:\/\/www.iepp.es\/it\/glossofobia\/#breadcrumb"},"inLanguage":"es","potentialAction":[{"@type":"ReadAction","target":["https:\/\/www.iepp.es\/it\/glossofobia\/"]}]},{"@type":"ImageObject","inLanguage":"es","@id":"https:\/\/www.iepp.es\/it\/glossofobia\/#primaryimage","url":"https:\/\/www.iepp.es\/it\/wp-content\/uploads\/glossofobia.jpg","contentUrl":"https:\/\/www.iepp.es\/it\/wp-content\/uploads\/glossofobia.jpg","width":1920,"height":1080,"caption":"glossofobia"},{"@type":"BreadcrumbList","@id":"https:\/\/www.iepp.es\/it\/glossofobia\/#breadcrumb","itemListElement":[{"@type":"ListItem","position":1,"name":"Portada","item":"https:\/\/www.iepp.es\/it\/"},{"@type":"ListItem","position":2,"name":"Glossofobia: la paura di parlare in pubblico"}]},{"@type":"WebSite","@id":"https:\/\/www.iepp.es\/it\/#website","url":"https:\/\/www.iepp.es\/it\/","name":"Instituto Europeo de Psicolog\u00eda Positiva","description":"Dal 2010 siamo stati pionieri nell&#039;uso di tecniche di Psicologia Positiva in tutti i nostri centri, dove aiutiamo ogni giorno pi\u00f9 persone e organizzazioni.","potentialAction":[{"@type":"SearchAction","target":{"@type":"EntryPoint","urlTemplate":"https:\/\/www.iepp.es\/it\/?s={search_term_string}"},"query-input":{"@type":"PropertyValueSpecification","valueRequired":true,"valueName":"search_term_string"}}],"inLanguage":"es"},{"@type":"Person","@id":"https:\/\/www.iepp.es\/it\/#\/schema\/person\/bf2ea672c48f0300a074ca007fcd1375","name":"ieppnew2","image":{"@type":"ImageObject","inLanguage":"es","@id":"https:\/\/secure.gravatar.com\/avatar\/38be0ef170af8c27f8fd62caba92a3dba93ddbeea4453b5a584e5c3e898a522d?s=96&d=mm&r=g","url":"https:\/\/secure.gravatar.com\/avatar\/38be0ef170af8c27f8fd62caba92a3dba93ddbeea4453b5a584e5c3e898a522d?s=96&d=mm&r=g","contentUrl":"https:\/\/secure.gravatar.com\/avatar\/38be0ef170af8c27f8fd62caba92a3dba93ddbeea4453b5a584e5c3e898a522d?s=96&d=mm&r=g","caption":"ieppnew2"}}]}},"_links":{"self":[{"href":"https:\/\/www.iepp.es\/it\/wp-json\/wp\/v2\/posts\/1807","targetHints":{"allow":["GET"]}}],"collection":[{"href":"https:\/\/www.iepp.es\/it\/wp-json\/wp\/v2\/posts"}],"about":[{"href":"https:\/\/www.iepp.es\/it\/wp-json\/wp\/v2\/types\/post"}],"author":[{"embeddable":true,"href":"https:\/\/www.iepp.es\/it\/wp-json\/wp\/v2\/users\/1"}],"replies":[{"embeddable":true,"href":"https:\/\/www.iepp.es\/it\/wp-json\/wp\/v2\/comments?post=1807"}],"version-history":[{"count":1,"href":"https:\/\/www.iepp.es\/it\/wp-json\/wp\/v2\/posts\/1807\/revisions"}],"predecessor-version":[{"id":1813,"href":"https:\/\/www.iepp.es\/it\/wp-json\/wp\/v2\/posts\/1807\/revisions\/1813"}],"wp:featuredmedia":[{"embeddable":true,"href":"https:\/\/www.iepp.es\/it\/wp-json\/wp\/v2\/media\/1808"}],"wp:attachment":[{"href":"https:\/\/www.iepp.es\/it\/wp-json\/wp\/v2\/media?parent=1807"}],"wp:term":[{"taxonomy":"category","embeddable":true,"href":"https:\/\/www.iepp.es\/it\/wp-json\/wp\/v2\/categories?post=1807"},{"taxonomy":"post_tag","embeddable":true,"href":"https:\/\/www.iepp.es\/it\/wp-json\/wp\/v2\/tags?post=1807"}],"curies":[{"name":"wp","href":"https:\/\/api.w.org\/{rel}","templated":true}]}}